{"id":37063,"date":"2016-06-21T11:01:00","date_gmt":"2016-06-21T16:01:00","guid":{"rendered":"http:\/\/www.biblia.work\/sermones\/el-cardenal-meisner-enviado-especial-al-convento-de-maria-radna-en-timisoara\/"},"modified":"2016-06-21T11:01:00","modified_gmt":"2016-06-21T16:01:00","slug":"el-cardenal-meisner-enviado-especial-al-convento-de-maria-radna-en-timisoara","status":"publish","type":"post","link":"https:\/\/www.biblia.work\/sermones\/el-cardenal-meisner-enviado-especial-al-convento-de-maria-radna-en-timisoara\/","title":{"rendered":"El cardenal Meisner enviado especial al convento de Maria Radna en Timisoara"},"content":{"rendered":"<p align=\"justify\"><strong>El cardenal Meisner enviado especial en la inguraci\u00f3n del complejo conventual de Maria Radna en Timisoara<\/strong><\/p>\n<p align=\"justify\">Se ha publicado hoy la carta, escrita en lat\u00edn y fechada el pasado 20 de mayo, con la que el Santo Padre nombra al cardenal <strong>Joachim Meisner<\/strong>, arzobispo em\u00e9rito de Colonia (Alemania) su enviado especial en la inauguraci\u00f3n del complejo conventual del santuario de Mar\u00eda Radna en Timisoara (Ruman\u00eda) que tendr\u00e1 lugar el pr\u00f3ximo 2 de agosto, d\u00eda de la Porci\u00fancula. <\/p>\n<p align=\"justify\">En el texto el Papa recuerda la fama del santuario mariano, antiguo convento franciscano y manifiesta su alegr\u00eda por la restauraci\u00f3n en la que han colaborado los ciudadanos de Timisoara, diversas di\u00f3cesis de Alemania y la Uni\u00f3n Europea.<\/p>\n<p align=\"justify\">Ciudad del Vaticano, 25 de julio de 2015 (Vis).-<\/p>\n","protected":false},"excerpt":{"rendered":"<p>El cardenal Meisner enviado especial en la inguraci\u00f3n del complejo conventual de Maria Radna en Timisoara Se ha publicado hoy la carta, escrita en lat\u00edn y fechada el pasado 20 de mayo, con la que el Santo Padre nombra al cardenal Joachim Meisner, arzobispo em\u00e9rito de Colonia (Alemania) su enviado especial en la inauguraci\u00f3n del &hellip; <a href=\"https:\/\/www.biblia.work\/sermones\/el-cardenal-meisner-enviado-especial-al-convento-de-maria-radna-en-timisoara\/\" class=\"more-link\">Continuar leyendo<span class=\"screen-reader-text\"> \u00abEl cardenal Meisner enviado especial al convento de Maria Radna en Timisoara\u00bb<\/span><\/a><\/p>\n","protected":false},"author":1,"featured_media":0,"comment_status":"open","ping_status":"closed","sticky":false,"template":"","format":"standard","meta":{"footnotes":""},"categories":[1],"tags":[],"class_list":["post-37063","post","type-post","status-publish","format-standard","hentry","category-general"],"_links":{"self":[{"href":"https:\/\/www.biblia.work\/sermones\/wp-json\/wp\/v2\/posts\/37063","targetHints":{"allow":["GET"]}}],"collection":[{"href":"https:\/\/www.biblia.work\/sermones\/wp-json\/wp\/v2\/posts"}],"about":[{"href":"https:\/\/www.biblia.work\/sermones\/wp-json\/wp\/v2\/types\/post"}],"author":[{"embeddable":true,"href":"https:\/\/www.biblia.work\/sermones\/wp-json\/wp\/v2\/users\/1"}],"replies":[{"embeddable":true,"href":"https:\/\/www.biblia.work\/sermones\/wp-json\/wp\/v2\/comments?post=37063"}],"version-history":[{"count":0,"href":"https:\/\/www.biblia.work\/sermones\/wp-json\/wp\/v2\/posts\/37063\/revisions"}],"wp:attachment":[{"href":"https:\/\/www.biblia.work\/sermones\/wp-json\/wp\/v2\/media?parent=37063"}],"wp:term":[{"taxonomy":"category","embeddable":true,"href":"https:\/\/www.biblia.work\/sermones\/wp-json\/wp\/v2\/categories?post=37063"},{"taxonomy":"post_tag","embeddable":true,"href":"https:\/\/www.biblia.work\/sermones\/wp-json\/wp\/v2\/tags?post=37063"}],"curies":[{"name":"wp","href":"https:\/\/api.w.org\/{rel}","templated":true}]}}