{"id":37064,"date":"2016-06-21T11:01:04","date_gmt":"2016-06-21T16:01:04","guid":{"rendered":"http:\/\/www.biblia.work\/sermones\/ix-peregrinacion-internacional-de-monaguillos\/"},"modified":"2016-06-21T11:01:04","modified_gmt":"2016-06-21T16:01:04","slug":"ix-peregrinacion-internacional-de-monaguillos","status":"publish","type":"post","link":"https:\/\/www.biblia.work\/sermones\/ix-peregrinacion-internacional-de-monaguillos\/","title":{"rendered":"IX Peregrinaci\u00f3n Internacional de Monaguillos"},"content":{"rendered":"<p style=\"text-align: justify;\"><strong>\u00a0\u00ab\u00a1Aqu\u00ed estoy: env\u00edame!\u00bb. IX Peregrinaci\u00f3n Internacional de Monaguillos, Roma 2015<\/strong><\/p>\n<p style=\"text-align: justify;\">\u00a0(RV).- \u00ab\u00a1Aqu\u00ed estoy: env\u00edame!\u00bb (Is 6,8), es el lema de la IX Peregrinaci\u00f3n Internacional de Ac\u00f3litos y Monaguillos, Roma 2015. Evento, organizado por el Coetus Internationalis Ministrantium (CIM), organismo internacional que agrupa las diversas realidades nacionales y diocesanas de Ac\u00f3litos y Monaguillos de Europa.<\/p>\n<p style=\"text-align: justify;\">Como es habitual, cada 5 a\u00f1os este organismo realiza la Peregrinaci\u00f3n Internacional a Roma, en esta ocasi\u00f3n el IX Encuentro estar\u00e1 inspirado en el pasaje del libro del profeta Isa\u00edas: \u00ab\u00a1Aqu\u00ed estoy: env\u00edame!\u00bb (Is 6,8); Evento que sigue a aquel desarrollado en el 2010 y que involucrar\u00e1 alrededor de nueve mil ac\u00f3litos y monaguillos de diversos pa\u00edses europeos, entre los cuales Francia, Italia, Portugal, Suiza, Hungr\u00eda, Serbia, Malta, Austria. Estar\u00e1n ausentes los ac\u00f3litos de Alemania, quienes ya han vivido su propia peregrinaci\u00f3n nacional en agosto de 2014.<\/p>\n<p style=\"text-align: justify;\">El evento central de esta IX Peregrinaci\u00f3n incluye la Audiencia con el Papa Francisco y la fiesta del CIM. El encuentro con el Santo Padre est\u00e1 fijado para el pr\u00f3ximo s\u00e1bado 4 de agosto, ser\u00e1 un momento de di\u00e1logo y oraci\u00f3n, afirman los organizadores. Adem\u00e1s, el programa incluye funciones religiosas, visitas guiadas sobre temas de historia, cultura y espiritualidad, y excursiones culturales y religiosas. Se trata de una forma de reforzar el potencial espiritual de los ni\u00f1os, adolescentes y j\u00f3venes comprometidos con el servicio al altar.<\/p>\n<p style=\"text-align: justify;\">(Renato Martinez \u2013 RV)<\/p>\n<p style=\"text-align: justify;\">(from Vatican Radio)<\/p>\n<p align=\"justify\">&nbsp;<\/p>\n","protected":false},"excerpt":{"rendered":"<p>\u00a0\u00ab\u00a1Aqu\u00ed estoy: env\u00edame!\u00bb. IX Peregrinaci\u00f3n Internacional de Monaguillos, Roma 2015 \u00a0(RV).- \u00ab\u00a1Aqu\u00ed estoy: env\u00edame!\u00bb (Is 6,8), es el lema de la IX Peregrinaci\u00f3n Internacional de Ac\u00f3litos y Monaguillos, Roma 2015. Evento, organizado por el Coetus Internationalis Ministrantium (CIM), organismo internacional que agrupa las diversas realidades nacionales y diocesanas de Ac\u00f3litos y Monaguillos de Europa. Como &hellip; <a href=\"https:\/\/www.biblia.work\/sermones\/ix-peregrinacion-internacional-de-monaguillos\/\" class=\"more-link\">Continuar leyendo<span class=\"screen-reader-text\"> \u00abIX Peregrinaci\u00f3n Internacional de Monaguillos\u00bb<\/span><\/a><\/p>\n","protected":false},"author":1,"featured_media":0,"comment_status":"open","ping_status":"closed","sticky":false,"template":"","format":"standard","meta":{"footnotes":""},"categories":[1],"tags":[],"class_list":["post-37064","post","type-post","status-publish","format-standard","hentry","category-general"],"_links":{"self":[{"href":"https:\/\/www.biblia.work\/sermones\/wp-json\/wp\/v2\/posts\/37064","targetHints":{"allow":["GET"]}}],"collection":[{"href":"https:\/\/www.biblia.work\/sermones\/wp-json\/wp\/v2\/posts"}],"about":[{"href":"https:\/\/www.biblia.work\/sermones\/wp-json\/wp\/v2\/types\/post"}],"author":[{"embeddable":true,"href":"https:\/\/www.biblia.work\/sermones\/wp-json\/wp\/v2\/users\/1"}],"replies":[{"embeddable":true,"href":"https:\/\/www.biblia.work\/sermones\/wp-json\/wp\/v2\/comments?post=37064"}],"version-history":[{"count":0,"href":"https:\/\/www.biblia.work\/sermones\/wp-json\/wp\/v2\/posts\/37064\/revisions"}],"wp:attachment":[{"href":"https:\/\/www.biblia.work\/sermones\/wp-json\/wp\/v2\/media?parent=37064"}],"wp:term":[{"taxonomy":"category","embeddable":true,"href":"https:\/\/www.biblia.work\/sermones\/wp-json\/wp\/v2\/categories?post=37064"},{"taxonomy":"post_tag","embeddable":true,"href":"https:\/\/www.biblia.work\/sermones\/wp-json\/wp\/v2\/tags?post=37064"}],"curies":[{"name":"wp","href":"https:\/\/api.w.org\/{rel}","templated":true}]}}