{"id":37065,"date":"2016-06-21T11:01:14","date_gmt":"2016-06-21T16:01:14","guid":{"rendered":"http:\/\/www.biblia.work\/sermones\/nombramientos-pontificios-2\/"},"modified":"2016-06-21T11:01:14","modified_gmt":"2016-06-21T16:01:14","slug":"nombramientos-pontificios-2","status":"publish","type":"post","link":"https:\/\/www.biblia.work\/sermones\/nombramientos-pontificios-2\/","title":{"rendered":"Nombramientos pontificios"},"content":{"rendered":"<p align=\"justify\"><strong>\u00a0Nombramientos pontificios<\/strong><\/p>\n<p style=\"text-align: justify;\">\u00a0(RV).- Se hizo p\u00fablica la Carta Pontificia, escrita en lat\u00edn, y dirigida al Cardenal <strong>Joachim Meisner<\/strong>, Arzobispo em\u00e9rito de Colonia, en Alemania, Enviado Especial del Santo Padre a las<strong> celebraciones con motivo de la inauguraci\u00f3n del recientemente restaurado complejo conventual del Santuario de \u201cMaria-Radna\u201d<\/strong> que tendr\u00e1n lugar el pr\u00f3ximo 2 de agosto en Timisoara, Ruman\u00eda. <\/p>\n<p style=\"text-align: justify;\">El Santo Padre nombr\u00f3 al Cardenal <strong>Kurt Koch<\/strong>, <strong>Presidente del Consejo Pontificio para la Promoci\u00f3n de la Unidad de los Cristianos<\/strong>, su <strong>Enviado Especial a las celebraciones conclusivas con motivo del 1500\u00b0 aniversario de la fundaci\u00f3n de la Abad\u00eda de Saint-Maurice en Suiza<\/strong>, que tendr\u00e1n lugar el pr\u00f3ximo 22 de septiembre.<\/p>\n<p style=\"text-align: justify;\">Asimismo el Papa Francisco nombr\u00f3 al Cardenal <strong>Angelo Scola, Arzobispo de Mil\u00e1n<\/strong>, su <strong>Enviado Especial<\/strong> a la solemne celebraci\u00f3n Eucar\u00edstica que tendr\u00e1 lugar en la <strong>localidad italiana de Bobbio<\/strong> el pr\u00f3ximo 30 de agosto, con ocasi\u00f3n del XVIII mitin internacional de las Comunidades Columbanianas, con motivo del 1400\u00b0 aniversario de la muerte de San Columbano.<\/p>\n<p style=\"text-align: justify;\">Por otra parte el Papa Bergoglio nombr\u00f3 al Cardenal <strong>Pietro Parolin<\/strong>, Secretario de Estado de Su Santidad, <strong>Legado Pontificio para la celebraci\u00f3n del V centenario de la evangelizaci\u00f3n de la Rep\u00fablica Democr\u00e1tica de Timor Oriental<\/strong>, que se llevar\u00e1 a cabo en Dili el pr\u00f3ximo 15 de agosto.<\/p>\n<p style=\"text-align: justify;\">\u00a0Mientras en la administraci\u00f3n ordinaria de la Iglesia el Santo Padre acept\u00f3 la renuncia al gobierno pastoral de la di\u00f3cesis de Tumaco en Colombia, presentada por Monse\u00f1or Gustavo Gir\u00f3n Higuita, O.C.D., en conformidad con el canon 401 \u00a7 1 del C\u00f3digo de Derecho Can\u00f3nico.<\/p>\n<p style=\"text-align: justify;\">\u00a0(Mar\u00eda Fernanda Bernasconi &#8211; RV).<\/p>\n<p style=\"text-align: justify;\">(from Vatican Radio)<\/p>\n<p style=\"text-align: justify;\">Foto: cardenal Joachim Meisner<\/p>\n","protected":false},"excerpt":{"rendered":"<p>\u00a0Nombramientos pontificios \u00a0(RV).- Se hizo p\u00fablica la Carta Pontificia, escrita en lat\u00edn, y dirigida al Cardenal Joachim Meisner, Arzobispo em\u00e9rito de Colonia, en Alemania, Enviado Especial del Santo Padre a las celebraciones con motivo de la inauguraci\u00f3n del recientemente restaurado complejo conventual del Santuario de \u201cMaria-Radna\u201d que tendr\u00e1n lugar el pr\u00f3ximo 2 de agosto en &hellip; <a href=\"https:\/\/www.biblia.work\/sermones\/nombramientos-pontificios-2\/\" class=\"more-link\">Continuar leyendo<span class=\"screen-reader-text\"> \u00abNombramientos pontificios\u00bb<\/span><\/a><\/p>\n","protected":false},"author":1,"featured_media":0,"comment_status":"open","ping_status":"closed","sticky":false,"template":"","format":"standard","meta":{"footnotes":""},"categories":[1],"tags":[],"class_list":["post-37065","post","type-post","status-publish","format-standard","hentry","category-general"],"_links":{"self":[{"href":"https:\/\/www.biblia.work\/sermones\/wp-json\/wp\/v2\/posts\/37065","targetHints":{"allow":["GET"]}}],"collection":[{"href":"https:\/\/www.biblia.work\/sermones\/wp-json\/wp\/v2\/posts"}],"about":[{"href":"https:\/\/www.biblia.work\/sermones\/wp-json\/wp\/v2\/types\/post"}],"author":[{"embeddable":true,"href":"https:\/\/www.biblia.work\/sermones\/wp-json\/wp\/v2\/users\/1"}],"replies":[{"embeddable":true,"href":"https:\/\/www.biblia.work\/sermones\/wp-json\/wp\/v2\/comments?post=37065"}],"version-history":[{"count":0,"href":"https:\/\/www.biblia.work\/sermones\/wp-json\/wp\/v2\/posts\/37065\/revisions"}],"wp:attachment":[{"href":"https:\/\/www.biblia.work\/sermones\/wp-json\/wp\/v2\/media?parent=37065"}],"wp:term":[{"taxonomy":"category","embeddable":true,"href":"https:\/\/www.biblia.work\/sermones\/wp-json\/wp\/v2\/categories?post=37065"},{"taxonomy":"post_tag","embeddable":true,"href":"https:\/\/www.biblia.work\/sermones\/wp-json\/wp\/v2\/tags?post=37065"}],"curies":[{"name":"wp","href":"https:\/\/api.w.org\/{rel}","templated":true}]}}