{"id":37066,"date":"2016-06-21T11:01:18","date_gmt":"2016-06-21T16:01:18","guid":{"rendered":"http:\/\/www.biblia.work\/sermones\/fallece-el-cardenal-baum-de-estados-unidos-expenitenciario\/"},"modified":"2016-06-21T11:01:18","modified_gmt":"2016-06-21T16:01:18","slug":"fallece-el-cardenal-baum-de-estados-unidos-expenitenciario","status":"publish","type":"post","link":"https:\/\/www.biblia.work\/sermones\/fallece-el-cardenal-baum-de-estados-unidos-expenitenciario\/","title":{"rendered":"Fallece el cardenal Baum, de Estados Unidos, expenitenciario"},"content":{"rendered":"<p align=\"justify\"><strong>Fallece el cardenal Baum, de Estados Unidos, expenitenciario, estadounidense de 88 a\u00f1os<\/strong><\/p>\n<p align=\"justify\">Con su muerte, solo queda un cardenal creado por Pablo VI, el brasile\u00f1o Arns, m\u00e1s Benedicto XVI<\/p>\n<p align=\"justify\">La Iglesia en los Estados Unidos recibi\u00f3 con pesar la noticia del fallecimiento del cardenal\u00a0<strong>William Wakefield Baum<\/strong>, arzobispo em\u00e9rito de Washington. Su velatorio tuvo lugar en la catedral de San Mateo Ap\u00f3stol, en la capital estadounidense, mientras que sus restos fueron depositados en la cripta de la iglesia mayor.<\/p>\n<p align=\"justify\"><strong>El purpurado, de 88 a\u00f1os, fue arzobispo de Washington, en los Estados Unidos, entre 1973 y 1980<\/strong>. En 1976, cuando se cumpli\u00f3 el bicentenario de la independencia de los Estados Unidos, Pablo VI lo cre\u00f3 cardenal, convirti\u00e9ndolo de este modo en uno de los purpurados m\u00e1s j\u00f3venes de entonces, con solo 49 a\u00f1os.<\/p>\n<p align=\"justify\">El cardenal Wakefield Baum fue llamado por san Juan Pablo II para ser prefecto de la Congregaci\u00f3n para la Educaci\u00f3n Cat\u00f3lica en 1980, y permaneci\u00f3 al frente de este dicasterio hasta 1990. Desde entonces estuvo a cargo de la\u00a0<strong>Penitenciar\u00eda Apost\u00f3lica <\/strong>donde ejerci\u00f3 guidado por el lema &#8220;Ministro de la reconciliaci\u00f3n&#8221;.<\/p>\n<p align=\"justify\"><strong>Al igual que el cardenal Ratzinger, Baum particip\u00f3 de los c\u00f3nclaves que eligieron a Juan Pablo I y a Juan Pablo II<\/strong>. En 2005 actu\u00f3 como cardenal decano en la elecci\u00f3n de Benedicto XVI. Adem\u00e1s, ostenta en su pa\u00eds ser el obispo que m\u00e1s tiempo sirvi\u00f3 como cardenal de la Iglesia, con 39 a\u00f1os.<\/p>\n<p align=\"justify\">El difunto purpurado naci\u00f3 en\u00a0<strong>Dallas<\/strong>, Texas, en 1926. Fue ordenado sacerdote con 24 a\u00f1os de edad y consagrado como obispo a los 43 a\u00f1os. Con su fallecimiento, el colegio cardenalicio queda con 120 cardenales electores y 100 no electores.<\/p>\n<p align=\"justify\">Es una informaci\u00f3n de AICA<\/p>\n<p align=\"justify\">&nbsp;<\/p>\n","protected":false},"excerpt":{"rendered":"<p>Fallece el cardenal Baum, de Estados Unidos, expenitenciario, estadounidense de 88 a\u00f1os Con su muerte, solo queda un cardenal creado por Pablo VI, el brasile\u00f1o Arns, m\u00e1s Benedicto XVI La Iglesia en los Estados Unidos recibi\u00f3 con pesar la noticia del fallecimiento del cardenal\u00a0William Wakefield Baum, arzobispo em\u00e9rito de Washington. Su velatorio tuvo lugar en &hellip; <a href=\"https:\/\/www.biblia.work\/sermones\/fallece-el-cardenal-baum-de-estados-unidos-expenitenciario\/\" class=\"more-link\">Continuar leyendo<span class=\"screen-reader-text\"> \u00abFallece el cardenal Baum, de Estados Unidos, expenitenciario\u00bb<\/span><\/a><\/p>\n","protected":false},"author":1,"featured_media":0,"comment_status":"open","ping_status":"closed","sticky":false,"template":"","format":"standard","meta":{"footnotes":""},"categories":[1],"tags":[],"class_list":["post-37066","post","type-post","status-publish","format-standard","hentry","category-general"],"_links":{"self":[{"href":"https:\/\/www.biblia.work\/sermones\/wp-json\/wp\/v2\/posts\/37066","targetHints":{"allow":["GET"]}}],"collection":[{"href":"https:\/\/www.biblia.work\/sermones\/wp-json\/wp\/v2\/posts"}],"about":[{"href":"https:\/\/www.biblia.work\/sermones\/wp-json\/wp\/v2\/types\/post"}],"author":[{"embeddable":true,"href":"https:\/\/www.biblia.work\/sermones\/wp-json\/wp\/v2\/users\/1"}],"replies":[{"embeddable":true,"href":"https:\/\/www.biblia.work\/sermones\/wp-json\/wp\/v2\/comments?post=37066"}],"version-history":[{"count":0,"href":"https:\/\/www.biblia.work\/sermones\/wp-json\/wp\/v2\/posts\/37066\/revisions"}],"wp:attachment":[{"href":"https:\/\/www.biblia.work\/sermones\/wp-json\/wp\/v2\/media?parent=37066"}],"wp:term":[{"taxonomy":"category","embeddable":true,"href":"https:\/\/www.biblia.work\/sermones\/wp-json\/wp\/v2\/categories?post=37066"},{"taxonomy":"post_tag","embeddable":true,"href":"https:\/\/www.biblia.work\/sermones\/wp-json\/wp\/v2\/tags?post=37066"}],"curies":[{"name":"wp","href":"https:\/\/api.w.org\/{rel}","templated":true}]}}