{"id":37067,"date":"2016-06-21T11:01:22","date_gmt":"2016-06-21T16:01:22","guid":{"rendered":"http:\/\/www.biblia.work\/sermones\/monsenor-karcher-explica-como-esta-viviendo-el-papa-este-verano\/"},"modified":"2016-06-21T11:01:22","modified_gmt":"2016-06-21T16:01:22","slug":"monsenor-karcher-explica-como-esta-viviendo-el-papa-este-verano","status":"publish","type":"post","link":"https:\/\/www.biblia.work\/sermones\/monsenor-karcher-explica-como-esta-viviendo-el-papa-este-verano\/","title":{"rendered":"Monse\u00f1or Karcher explica c\u00f3mo est\u00e1 viviendo el Papa este verano"},"content":{"rendered":"<p style=\"text-align: justify;\"><strong>Monse\u00f1or Karcher explica c\u00f3mo est\u00e1 viviendo el Papa este verano<\/strong><\/p>\n<p style=\"text-align: justify;\">\u00a0El Papa aprovecha estos d\u00edas con m\u00e1s tranquilidad para contestar mensajes a amigos y familiares<\/p>\n<p style=\"text-align: justify;\">\n<p style=\"text-align: justify;\">\u00a0(RV).- Sobre qu\u00e9 est\u00e1 haciendo el Papa este verano, sobre sus viajes apost\u00f3licos, y sobre el significado que tienen algunas tradiciones argentinas, habla mons. <strong>Guillermo Karcher<\/strong>, ceremoniero pontificio y colaborador cercano del Santo Padre, en la entrevista realizada por Alessandro Gisotti, de Radio Vaticana.<\/p>\n<p style=\"text-align: justify;\">\u00a0El sacerdote, tambi\u00e9n argentino, asegura estar viendo al Papa \u201cm\u00e1s relajado\u201d estos d\u00edas, y especifica que \u201cno es que no haga nada. Tiene que responder a amigos y gente querida y preparar el futuro\u201d. Y es que, como ya lo afirm\u00f3 en otras ocasiones el Obispo de Roma, est\u00e1 estudiando su pr\u00f3ximo viaje a Cuba y Filadelfia, y as\u00ed tambi\u00e9n lo afirm\u00f3 Mons. Karcher hablando de sus actuales labores. As\u00ed mismo, mencion\u00f3 durante la entrevista este \u201cabrazo a Am\u00e9rica\u201d, que est\u00e1 haciendo Francisco durante este a\u00f1o con sus viajes pontificios, visitando el sur, el centro y el norte de Am\u00e9rica.<\/p>\n<p style=\"text-align: justify;\">Adem\u00e1s, Alessandro Gisotti le pregunta por la tradici\u00f3n del mate en su pa\u00eds, y \u00e9l explica la importancia que tiene para los argentinos y para otros pa\u00edses cercanos el hecho de beber esta hierba. \u201cEs un s\u00edmbolo de amistad y de familia, y se utiliza para compartir la experiencia de vida\u201d, asegur\u00f3.<\/p>\n<p style=\"text-align: justify;\">(MZ-RV)<\/p>\n<p style=\"text-align: justify;\">Foto de REUTERS<\/p>\n","protected":false},"excerpt":{"rendered":"<p>Monse\u00f1or Karcher explica c\u00f3mo est\u00e1 viviendo el Papa este verano \u00a0El Papa aprovecha estos d\u00edas con m\u00e1s tranquilidad para contestar mensajes a amigos y familiares \u00a0(RV).- Sobre qu\u00e9 est\u00e1 haciendo el Papa este verano, sobre sus viajes apost\u00f3licos, y sobre el significado que tienen algunas tradiciones argentinas, habla mons. Guillermo Karcher, ceremoniero pontificio y colaborador &hellip; <a href=\"https:\/\/www.biblia.work\/sermones\/monsenor-karcher-explica-como-esta-viviendo-el-papa-este-verano\/\" class=\"more-link\">Continuar leyendo<span class=\"screen-reader-text\"> \u00abMonse\u00f1or Karcher explica c\u00f3mo est\u00e1 viviendo el Papa este verano\u00bb<\/span><\/a><\/p>\n","protected":false},"author":1,"featured_media":0,"comment_status":"open","ping_status":"closed","sticky":false,"template":"","format":"standard","meta":{"footnotes":""},"categories":[1],"tags":[],"class_list":["post-37067","post","type-post","status-publish","format-standard","hentry","category-general"],"_links":{"self":[{"href":"https:\/\/www.biblia.work\/sermones\/wp-json\/wp\/v2\/posts\/37067","targetHints":{"allow":["GET"]}}],"collection":[{"href":"https:\/\/www.biblia.work\/sermones\/wp-json\/wp\/v2\/posts"}],"about":[{"href":"https:\/\/www.biblia.work\/sermones\/wp-json\/wp\/v2\/types\/post"}],"author":[{"embeddable":true,"href":"https:\/\/www.biblia.work\/sermones\/wp-json\/wp\/v2\/users\/1"}],"replies":[{"embeddable":true,"href":"https:\/\/www.biblia.work\/sermones\/wp-json\/wp\/v2\/comments?post=37067"}],"version-history":[{"count":0,"href":"https:\/\/www.biblia.work\/sermones\/wp-json\/wp\/v2\/posts\/37067\/revisions"}],"wp:attachment":[{"href":"https:\/\/www.biblia.work\/sermones\/wp-json\/wp\/v2\/media?parent=37067"}],"wp:term":[{"taxonomy":"category","embeddable":true,"href":"https:\/\/www.biblia.work\/sermones\/wp-json\/wp\/v2\/categories?post=37067"},{"taxonomy":"post_tag","embeddable":true,"href":"https:\/\/www.biblia.work\/sermones\/wp-json\/wp\/v2\/tags?post=37067"}],"curies":[{"name":"wp","href":"https:\/\/api.w.org\/{rel}","templated":true}]}}