{"id":37068,"date":"2016-06-21T11:01:27","date_gmt":"2016-06-21T16:01:27","guid":{"rendered":"http:\/\/www.biblia.work\/sermones\/el-arzobispo-de-barcelona-presento-al-papa-francisco-el-libro-sobre-la-pastoral-de-las-grandes-ciudades\/"},"modified":"2016-06-21T11:01:27","modified_gmt":"2016-06-21T16:01:27","slug":"el-arzobispo-de-barcelona-presento-al-papa-francisco-el-libro-sobre-la-pastoral-de-las-grandes-ciudades","status":"publish","type":"post","link":"https:\/\/www.biblia.work\/sermones\/el-arzobispo-de-barcelona-presento-al-papa-francisco-el-libro-sobre-la-pastoral-de-las-grandes-ciudades\/","title":{"rendered":"El arzobispo de Barcelona present\u00f3 al Papa Francisco el libro sobre la \u201cPastoral de las Grandes Ciudades\u201d"},"content":{"rendered":"<p style=\"text-align: justify;\"><strong>El Arzobispo de Barcelona present\u00f3 al Papa Francisco el libro sobre la \u201cPastoral de las Grandes Ciudades\u201d<\/strong><\/p>\n<p style=\"text-align: justify;\">(RV).- El Cardenal Llu\u00eds Mart\u00ednez Sistach, Arzobispo de Barcelona entreg\u00f3 al Papa Francisco los ejemplares de la edici\u00f3n en espa\u00f1ol, catal\u00e1n, e italiano del libro \u00abLa pastoral de las grandes ciudades\u00bb. Esta obra incluye las actas, los documentos y las conclusiones del I Congreso Internacional sobre esta pastoral que se llev\u00f3 a cabo en dos fases, la primera en mayo y la segunda en noviembre de 2014.<\/p>\n<p style=\"text-align: justify;\">\n<p style=\"text-align: justify;\"><strong>Una idea hecha realidad en el Pontificado de Francisco<\/strong><\/p>\n<p style=\"text-align: justify;\">El Congreso sobre la Pastoral de las Grandes Ciudades naci\u00f3 a partir de diversas conversaciones sobre el tema durante el 2013, por el entonces Cardenal Jorge Mario Bergoglio con el Cardenal Mart\u00ednez Sistach pocos d\u00edas antes de su elecci\u00f3n pontificia. Desde la presentaci\u00f3n del Encuentro, el Arzobispo de Barcelona hab\u00eda subrayado la importancia de este tema para el Santo Padre, y su intenci\u00f3n de salir hacia las \u201cperiferias existenciales\u201d que son particularmente evidentes en las periferias de las grandes ciudades. De hecho, en el discurso a los participantes a este Congreso, el Pont\u00edfice se\u00f1al\u00f3 como los principales desaf\u00edos de esta pastoral: una evangelizaci\u00f3n m\u00e1s din\u00e1mica y audaz que toque la vida de las personas; el di\u00e1logo con la multiculturalidad, un di\u00e1logo pastoral sin relativismo, sin negociar la propia identidad cristiana; la valorizaci\u00f3n de la religiosidad popular; y la cercan\u00eda a los pobres \u201curbanos\u201d.<\/p>\n<p style=\"text-align: justify;\">En el Encuentro llevado a cabo en la Bas\u00edlica de la Sagrada de Familia de Barcelona y en el Vaticano, m\u00e1s de cien millones de cat\u00f3licos estuvieron representados por sus pastores, Cardenales y Obispos de las grandes ciudades como Bombay, Manila, Kinshasa, Santiago de Chile, Se\u00fal, Saig\u00f3n, Douala, Abuja, San Francisco, Monterrey, Buenos Aires, Bogot\u00e1, Tegucigalpa, R\u00edo de Janeiro, Sao Paulo y uno por cada Estado Europeo. Junto a ellos, un grupo de expertos en diversas \u00e1reas y competencias eclesi\u00e1sticas, sociales y econ\u00f3micas.<\/p>\n<p style=\"text-align: justify;\"><strong>La primera publicaci\u00f3n del cual iniciar<\/strong><\/p>\n<p style=\"text-align: justify;\">El libro coordinado por el Cardenal Mart\u00ednez Sistach, recoge las nueve ponencias pronunciadas durante la primera fase del Congreso, a cargo del soci\u00f3logo espa\u00f1ol Manuel Castells; el antrop\u00f3logo franc\u00e9s Marc Aug\u00e9; el catedr\u00e1tico e investigador Javier Elzo; el experto en Patr\u00edstica Angelo di Berardino; el pastoralista mexicano Benjam\u00edn Bravo; el vicario episcopal de Mil\u00e1n, Luca Bressan; el rector de la Universidad Cat\u00f3lica del Congo, Jean-Bosco Matand Bulembat; el vicario general de Lieja (B\u00e9lgica), Alphonse Borras; y el te\u00f3logo argentino Carlos Mar\u00eda Galli, quien aporta una exposici\u00f3n que destaca por abordar el proyecto teol\u00f3gico-pastoral y misionero de Francisco sobre el tema de las grandes ciudades.<\/p>\n<p style=\"text-align: justify;\"><strong>En el libro la intervenci\u00f3n del Papa<\/strong><\/p>\n<p style=\"text-align: justify;\">En esta obra tambi\u00e9n se incluye el documento de s\u00edntesis \u2013 firmado por Armand Puig y Joan Planellas, decano y vice-decano, respectivamente, de la Facultad de Teolog\u00eda de Catalu\u00f1a \u2013 con el que trabajaron los Cardenales y Arzobispos en la segunda fase del Congreso; as\u00ed como otros textos destacados de esta etapa. El libro termina con el discurso que dirigi\u00f3 el Pont\u00edfice a los participantes, durante la Audiencia en la Sala del Consistorio del Vaticano, el pasado mes de noviembre. De hecho, han sido las propuestas del Obispo de Roma ante los desaf\u00edos siempre m\u00e1s dif\u00edciles y cambiantes para la evangelizaci\u00f3n en los grandes centros urbanos: salir para encontrar a Dios que vive en la Ciudad y entre los pobres, facilitar el encuentro con el Se\u00f1or y trabajar para formar una Iglesia samarita \u201ccomo testimonio concreto de misericordia y de dulzura presente en las periferias existenciales y entre los pobres\u201d.<\/p>\n<p style=\"text-align: justify;\">(Renato Martinez &#8211; RV)<\/p>\n<p style=\"text-align: justify;\">Foto: \u00a0El Cardenal Llu\u00eds Mart\u00ednez Sistach, Arzobispo de Barcelona entreg\u00f3 al Papa Francisco \u00abLa pastoral de las grandes ciudades\u00bb &#8211; L&#8217;Osservatore Romano<\/p>\n","protected":false},"excerpt":{"rendered":"<p>El Arzobispo de Barcelona present\u00f3 al Papa Francisco el libro sobre la \u201cPastoral de las Grandes Ciudades\u201d (RV).- El Cardenal Llu\u00eds Mart\u00ednez Sistach, Arzobispo de Barcelona entreg\u00f3 al Papa Francisco los ejemplares de la edici\u00f3n en espa\u00f1ol, catal\u00e1n, e italiano del libro \u00abLa pastoral de las grandes ciudades\u00bb. Esta obra incluye las actas, los documentos &hellip; <a href=\"https:\/\/www.biblia.work\/sermones\/el-arzobispo-de-barcelona-presento-al-papa-francisco-el-libro-sobre-la-pastoral-de-las-grandes-ciudades\/\" class=\"more-link\">Continuar leyendo<span class=\"screen-reader-text\"> \u00abEl arzobispo de Barcelona present\u00f3 al Papa Francisco el libro sobre la \u201cPastoral de las Grandes Ciudades\u201d\u00bb<\/span><\/a><\/p>\n","protected":false},"author":1,"featured_media":0,"comment_status":"open","ping_status":"closed","sticky":false,"template":"","format":"standard","meta":{"footnotes":""},"categories":[1],"tags":[],"class_list":["post-37068","post","type-post","status-publish","format-standard","hentry","category-general"],"_links":{"self":[{"href":"https:\/\/www.biblia.work\/sermones\/wp-json\/wp\/v2\/posts\/37068","targetHints":{"allow":["GET"]}}],"collection":[{"href":"https:\/\/www.biblia.work\/sermones\/wp-json\/wp\/v2\/posts"}],"about":[{"href":"https:\/\/www.biblia.work\/sermones\/wp-json\/wp\/v2\/types\/post"}],"author":[{"embeddable":true,"href":"https:\/\/www.biblia.work\/sermones\/wp-json\/wp\/v2\/users\/1"}],"replies":[{"embeddable":true,"href":"https:\/\/www.biblia.work\/sermones\/wp-json\/wp\/v2\/comments?post=37068"}],"version-history":[{"count":0,"href":"https:\/\/www.biblia.work\/sermones\/wp-json\/wp\/v2\/posts\/37068\/revisions"}],"wp:attachment":[{"href":"https:\/\/www.biblia.work\/sermones\/wp-json\/wp\/v2\/media?parent=37068"}],"wp:term":[{"taxonomy":"category","embeddable":true,"href":"https:\/\/www.biblia.work\/sermones\/wp-json\/wp\/v2\/categories?post=37068"},{"taxonomy":"post_tag","embeddable":true,"href":"https:\/\/www.biblia.work\/sermones\/wp-json\/wp\/v2\/tags?post=37068"}],"curies":[{"name":"wp","href":"https:\/\/api.w.org\/{rel}","templated":true}]}}