{"id":37069,"date":"2016-06-21T11:01:31","date_gmt":"2016-06-21T16:01:31","guid":{"rendered":"http:\/\/www.biblia.work\/sermones\/testimonios-de-trata-en-el-simposio-de-alcaldes-en-el-vaticano\/"},"modified":"2016-06-21T11:01:31","modified_gmt":"2016-06-21T16:01:31","slug":"testimonios-de-trata-en-el-simposio-de-alcaldes-en-el-vaticano","status":"publish","type":"post","link":"https:\/\/www.biblia.work\/sermones\/testimonios-de-trata-en-el-simposio-de-alcaldes-en-el-vaticano\/","title":{"rendered":"Testimonios de trata en el simposio de alcaldes en el Vaticano"},"content":{"rendered":"<p style=\"text-align: justify;\"><strong>Testimonios de trata en el Vaticano para poder \u201caprender con su dolor\u201d<\/strong><\/p>\n<p style=\"text-align: justify;\">(RV).- Alcaldes de 70 ciudades del mundo se re\u00fanen en el Aula Nueva del S\u00ednodo del Vaticano este 21 y 22 de julio para reflexionar sobre la \u2018Esclavitud moderna y cambio clim\u00e1tico: el compromiso de las ciudades\u2019.<\/p>\n<p style=\"text-align: justify;\">\u00a0Junto a los alcaldes participaron tambi\u00e9n dos v\u00edctimas de trata de personas, Karla y Ana Laura quienes lanzan un mensaje a trav\u00e9s de los micr\u00f3fonos de Radio Vaticano.<\/p>\n<p style=\"text-align: justify;\">Por su parte, la alcaldesa de Madrid, Manuela Carmena agradeci\u00f3 los conmovedores testimonios y a los asistentes quienes est\u00e1n \u201cdispuestos a escuchar para reflexionar e intentar mejorar el mundo\u201d.<\/p>\n<p style=\"text-align: justify;\">\u00a0\u201cQuiero especialmente se\u00f1alar mis gracias a las dos v\u00edctimas que han sido capaces de hacer lo que m\u00e1s puede hacer un ser humano: regalarnos su dolor para que nosotros podamos aprender con su dolor\u201d.<\/p>\n<p style=\"text-align: justify;\">\u00a0Para Radio Vaticano, MTC.<\/p>\n<p style=\"text-align: justify;\">Foto: \u00a0Karla y Ana Laura dieron su testimonio &#8211; RV<\/p>\n","protected":false},"excerpt":{"rendered":"<p>Testimonios de trata en el Vaticano para poder \u201caprender con su dolor\u201d (RV).- Alcaldes de 70 ciudades del mundo se re\u00fanen en el Aula Nueva del S\u00ednodo del Vaticano este 21 y 22 de julio para reflexionar sobre la \u2018Esclavitud moderna y cambio clim\u00e1tico: el compromiso de las ciudades\u2019. \u00a0Junto a los alcaldes participaron tambi\u00e9n &hellip; <a href=\"https:\/\/www.biblia.work\/sermones\/testimonios-de-trata-en-el-simposio-de-alcaldes-en-el-vaticano\/\" class=\"more-link\">Continuar leyendo<span class=\"screen-reader-text\"> \u00abTestimonios de trata en el simposio de alcaldes en el Vaticano\u00bb<\/span><\/a><\/p>\n","protected":false},"author":1,"featured_media":0,"comment_status":"open","ping_status":"closed","sticky":false,"template":"","format":"standard","meta":{"footnotes":""},"categories":[1],"tags":[],"class_list":["post-37069","post","type-post","status-publish","format-standard","hentry","category-general"],"_links":{"self":[{"href":"https:\/\/www.biblia.work\/sermones\/wp-json\/wp\/v2\/posts\/37069","targetHints":{"allow":["GET"]}}],"collection":[{"href":"https:\/\/www.biblia.work\/sermones\/wp-json\/wp\/v2\/posts"}],"about":[{"href":"https:\/\/www.biblia.work\/sermones\/wp-json\/wp\/v2\/types\/post"}],"author":[{"embeddable":true,"href":"https:\/\/www.biblia.work\/sermones\/wp-json\/wp\/v2\/users\/1"}],"replies":[{"embeddable":true,"href":"https:\/\/www.biblia.work\/sermones\/wp-json\/wp\/v2\/comments?post=37069"}],"version-history":[{"count":0,"href":"https:\/\/www.biblia.work\/sermones\/wp-json\/wp\/v2\/posts\/37069\/revisions"}],"wp:attachment":[{"href":"https:\/\/www.biblia.work\/sermones\/wp-json\/wp\/v2\/media?parent=37069"}],"wp:term":[{"taxonomy":"category","embeddable":true,"href":"https:\/\/www.biblia.work\/sermones\/wp-json\/wp\/v2\/categories?post=37069"},{"taxonomy":"post_tag","embeddable":true,"href":"https:\/\/www.biblia.work\/sermones\/wp-json\/wp\/v2\/tags?post=37069"}],"curies":[{"name":"wp","href":"https:\/\/api.w.org\/{rel}","templated":true}]}}