{"id":37070,"date":"2016-06-21T11:01:39","date_gmt":"2016-06-21T16:01:39","guid":{"rendered":"http:\/\/www.biblia.work\/sermones\/alcaldesa-de-madrid-en-el-simposio-celebrado-en-el-vaticano\/"},"modified":"2016-06-21T11:01:39","modified_gmt":"2016-06-21T16:01:39","slug":"alcaldesa-de-madrid-en-el-simposio-celebrado-en-el-vaticano","status":"publish","type":"post","link":"https:\/\/www.biblia.work\/sermones\/alcaldesa-de-madrid-en-el-simposio-celebrado-en-el-vaticano\/","title":{"rendered":"Alcaldesa de Madrid en el simposio celebrado en el Vaticano"},"content":{"rendered":"<p style=\"text-align: justify;\"><strong>\u00a0Alcaldesa de Madrid en el simposio celebrado en el Vaticano<\/strong><\/p>\n<p style=\"text-align: justify;\"><strong>La alcaldesa de Madrid reconoce su &#8220;entusiasmo&#8221; por participar en el encuentro del Vaticano<\/strong><\/p>\n<p style=\"text-align: justify;\">(RV).- Presente en el simposio celebrado en el Vaticano sobre el compromiso que deben tener las ciudades con la <strong>esclavitud moderna<\/strong> y el <strong>cambio clim\u00e1tico<\/strong>, la <strong>alcaldesa de Madrid Manuela Carmena<\/strong> concedi\u00f3 una entrevista a <strong>Radio Vaticano<\/strong> donde explica la realidad que ha conocido al escuchar el testimonio de las v\u00edctimas que intervinieron en el evento. \u201cSiempre que se hace un debate se debe escuchar a las personas que sufren\u201d, asegur\u00f3.<\/p>\n<p style=\"text-align: justify;\">Adem\u00e1s reconoci\u00f3 el estar \u201centusiasta\u201d despu\u00e9s de este evento en el que se cont\u00f3 con la presencia del <strong>Papa<\/strong>, y de haber podido compartir con el resto de alcaldes que participaron las diferentes visiones de la realidad.<\/p>\n<p style=\"text-align: justify;\">\u00a0Durante su intervenci\u00f3n p\u00fablica ante el foro, la alcaldesa recientemente elegida, reconoci\u00f3 que en el ayuntamiento de la capital espa\u00f1ola se ha encontrado con diferentes pol\u00edticas de sus predecesores, a favor del medio ambiente y que ella seguir\u00e1 en esa l\u00ednea. Adem\u00e1s pidi\u00f3 que se reflexione sobre las causas del consumo de prostituci\u00f3n en la sociedad de hoy, y advirti\u00f3 que se debe \u201cconcienciar\u201d a los \u201cconsumidores de prostituci\u00f3n\u201d sobre qu\u00e9 significa esto y las consecuencias que tiene.<\/p>\n<p style=\"text-align: justify;\">\u00a0Foto: Papa Francisco saludando a los alcaldes participantes en el encuentro &#8211; AFP<\/p>\n<p style=\"text-align: justify;\">(MZ-RV)<\/p>\n<p style=\"text-align: justify;\">(from Vatican Radio)<\/p>\n","protected":false},"excerpt":{"rendered":"<p>\u00a0Alcaldesa de Madrid en el simposio celebrado en el Vaticano La alcaldesa de Madrid reconoce su &#8220;entusiasmo&#8221; por participar en el encuentro del Vaticano (RV).- Presente en el simposio celebrado en el Vaticano sobre el compromiso que deben tener las ciudades con la esclavitud moderna y el cambio clim\u00e1tico, la alcaldesa de Madrid Manuela Carmena &hellip; <a href=\"https:\/\/www.biblia.work\/sermones\/alcaldesa-de-madrid-en-el-simposio-celebrado-en-el-vaticano\/\" class=\"more-link\">Continuar leyendo<span class=\"screen-reader-text\"> \u00abAlcaldesa de Madrid en el simposio celebrado en el Vaticano\u00bb<\/span><\/a><\/p>\n","protected":false},"author":1,"featured_media":0,"comment_status":"open","ping_status":"closed","sticky":false,"template":"","format":"standard","meta":{"footnotes":""},"categories":[1],"tags":[],"class_list":["post-37070","post","type-post","status-publish","format-standard","hentry","category-general"],"_links":{"self":[{"href":"https:\/\/www.biblia.work\/sermones\/wp-json\/wp\/v2\/posts\/37070","targetHints":{"allow":["GET"]}}],"collection":[{"href":"https:\/\/www.biblia.work\/sermones\/wp-json\/wp\/v2\/posts"}],"about":[{"href":"https:\/\/www.biblia.work\/sermones\/wp-json\/wp\/v2\/types\/post"}],"author":[{"embeddable":true,"href":"https:\/\/www.biblia.work\/sermones\/wp-json\/wp\/v2\/users\/1"}],"replies":[{"embeddable":true,"href":"https:\/\/www.biblia.work\/sermones\/wp-json\/wp\/v2\/comments?post=37070"}],"version-history":[{"count":0,"href":"https:\/\/www.biblia.work\/sermones\/wp-json\/wp\/v2\/posts\/37070\/revisions"}],"wp:attachment":[{"href":"https:\/\/www.biblia.work\/sermones\/wp-json\/wp\/v2\/media?parent=37070"}],"wp:term":[{"taxonomy":"category","embeddable":true,"href":"https:\/\/www.biblia.work\/sermones\/wp-json\/wp\/v2\/categories?post=37070"},{"taxonomy":"post_tag","embeddable":true,"href":"https:\/\/www.biblia.work\/sermones\/wp-json\/wp\/v2\/tags?post=37070"}],"curies":[{"name":"wp","href":"https:\/\/api.w.org\/{rel}","templated":true}]}}