{"id":37071,"date":"2016-06-21T11:01:43","date_gmt":"2016-06-21T16:01:43","guid":{"rendered":"http:\/\/www.biblia.work\/sermones\/el-papa-francisco-recibe-a-un-grupo-de-obispos-en-santa-marta\/"},"modified":"2016-06-21T11:01:43","modified_gmt":"2016-06-21T16:01:43","slug":"el-papa-francisco-recibe-a-un-grupo-de-obispos-en-santa-marta","status":"publish","type":"post","link":"https:\/\/www.biblia.work\/sermones\/el-papa-francisco-recibe-a-un-grupo-de-obispos-en-santa-marta\/","title":{"rendered":"El Papa Francisco recibe a un grupo de obispos en Santa Marta"},"content":{"rendered":"<h5 style=\"text-align: justify;\">El Papa recibe a un grupo de obispos en Santa Marta<\/h5>\n<p>\u00a0Conversaron en Santa Marta sobre\u00a0el ministerio episcopal, el cuidado de los sacerdotes y los diversos desaf\u00edos de la misi\u00f3n evangelizadora de la Iglesia en el mundo<\/p>\n<p align=\"justify\">\n<p>El papa Francisco recibi\u00f3 este lunes, 20 de julio, por la tarde a doce obispos de diversos pa\u00edses del mundo. El encuentro se concretiz\u00f3 en la Casa Santa Marta.<\/p>\n<p style=\"text-align: justify;\">La conversaci\u00f3n con el Santo Padre dur\u00f3 casi dos horas y fueron tocados varios\u00a0temas, como el ministerio episcopal, el cuidado de los sacerdotes y los diversos desaf\u00edos de la misi\u00f3n evangelizadora de la Iglesia en el mundo. Tal y como indica la<em>\u00a0Radio Vaticano<\/em>, se habl\u00f3 tambi\u00e9n de la reciente visita pastoral de Francisco en Am\u00e9rica Latina.<\/p>\n<p dir=\"ltr\" style=\"text-align: justify;\">Los prelados, que eran hu\u00e9spedes de la <em>Congregaci\u00f3n de los Obispos<\/em>, hab\u00edan participado en un retiro espiritual en el monasterio benedictino de Subiaco, a pocos kil\u00f3metros de Roma,\u00a0reservado a los obispos de reciente ordenaci\u00f3n. Tambi\u00e9n particip\u00f3 del encuentro con el Santo Padre el cardenal Marc Ouellet, prefecto de la <em>Congregaci\u00f3n para los Obispos<\/em>, as\u00ed como\u00a0otros responsables del dicasterio y los predicadores del retiro.<\/p>\n<p dir=\"ltr\" style=\"text-align: justify;\">Foto de archivo<\/p>\n<p class=\"ecxauthor\" style=\"text-align: justify;\"><em>Por Redacci\u00f3n<\/em><\/p>\n<p class=\"ecxinfo\" style=\"text-align: justify;\">Ciudad del Vaticano, 22 de julio de 2015 (ZENIT.org)<\/p>\n","protected":false},"excerpt":{"rendered":"<p>El Papa recibe a un grupo de obispos en Santa Marta \u00a0Conversaron en Santa Marta sobre\u00a0el ministerio episcopal, el cuidado de los sacerdotes y los diversos desaf\u00edos de la misi\u00f3n evangelizadora de la Iglesia en el mundo El papa Francisco recibi\u00f3 este lunes, 20 de julio, por la tarde a doce obispos de diversos pa\u00edses &hellip; <a href=\"https:\/\/www.biblia.work\/sermones\/el-papa-francisco-recibe-a-un-grupo-de-obispos-en-santa-marta\/\" class=\"more-link\">Continuar leyendo<span class=\"screen-reader-text\"> \u00abEl Papa Francisco recibe a un grupo de obispos en Santa Marta\u00bb<\/span><\/a><\/p>\n","protected":false},"author":1,"featured_media":0,"comment_status":"open","ping_status":"closed","sticky":false,"template":"","format":"standard","meta":{"footnotes":""},"categories":[1],"tags":[],"class_list":["post-37071","post","type-post","status-publish","format-standard","hentry","category-general"],"_links":{"self":[{"href":"https:\/\/www.biblia.work\/sermones\/wp-json\/wp\/v2\/posts\/37071","targetHints":{"allow":["GET"]}}],"collection":[{"href":"https:\/\/www.biblia.work\/sermones\/wp-json\/wp\/v2\/posts"}],"about":[{"href":"https:\/\/www.biblia.work\/sermones\/wp-json\/wp\/v2\/types\/post"}],"author":[{"embeddable":true,"href":"https:\/\/www.biblia.work\/sermones\/wp-json\/wp\/v2\/users\/1"}],"replies":[{"embeddable":true,"href":"https:\/\/www.biblia.work\/sermones\/wp-json\/wp\/v2\/comments?post=37071"}],"version-history":[{"count":0,"href":"https:\/\/www.biblia.work\/sermones\/wp-json\/wp\/v2\/posts\/37071\/revisions"}],"wp:attachment":[{"href":"https:\/\/www.biblia.work\/sermones\/wp-json\/wp\/v2\/media?parent=37071"}],"wp:term":[{"taxonomy":"category","embeddable":true,"href":"https:\/\/www.biblia.work\/sermones\/wp-json\/wp\/v2\/categories?post=37071"},{"taxonomy":"post_tag","embeddable":true,"href":"https:\/\/www.biblia.work\/sermones\/wp-json\/wp\/v2\/tags?post=37071"}],"curies":[{"name":"wp","href":"https:\/\/api.w.org\/{rel}","templated":true}]}}