{"id":37072,"date":"2016-06-21T11:01:47","date_gmt":"2016-06-21T16:01:47","guid":{"rendered":"http:\/\/www.biblia.work\/sermones\/previsiones-informativas-en-la-santa-sede-de-la-semana-del-21-al-27-de-julio\/"},"modified":"2016-06-21T11:01:47","modified_gmt":"2016-06-21T16:01:47","slug":"previsiones-informativas-en-la-santa-sede-de-la-semana-del-21-al-27-de-julio","status":"publish","type":"post","link":"https:\/\/www.biblia.work\/sermones\/previsiones-informativas-en-la-santa-sede-de-la-semana-del-21-al-27-de-julio\/","title":{"rendered":"Previsiones informativas en la Santa Sede de la semana del 21 al 27 de julio"},"content":{"rendered":"<p align=\"justify\">Previsiones informativas en la Santa Sede de la semana del 21 al 27 de julio 2015<\/p>\n<p style=\"text-align: justify;\">(RV).- El <strong>martes 21 de julio<\/strong>, memoria lit\u00fargica de<strong> San Lorenzo de Br\u00edndisi<\/strong>, sacerdote capuchino y Doctor de la Iglesia, sesenta <strong>alcaldes<\/strong> de todo el mundo se reunir\u00e1n en la Ciudad del Vaticano hasta el d\u00eda 22, para participar en un Congreso sobre dos emergencias relacionadas, a saber: la crisis clim\u00e1tica y las nuevas formas de esclavitud.<\/p>\n<p style=\"text-align: justify;\">\u00a0El <strong>mi\u00e9rcoles 22 de julio<\/strong> no tendr\u00e1 lugar la acostumbrada audiencia semanal del Papa Francisco quien la reanudar\u00e1 en agosto.<\/p>\n<p style=\"text-align: justify;\">\u00a0Ese mismo d\u00eda en<strong> Noruega se recordar\u00e1 el cuarto aniversario de los atentados de Oslo y de la Isla de Utoya<\/strong>.<\/p>\n<p style=\"text-align: justify;\">\u00a0Del <strong>22 al 29 de julio se celebrar\u00e1 el segundo aniversario del primer viaje apost\u00f3lico internacional del Papa Francisco a R\u00edo de Janeiro, en Brasil<\/strong>, con motivo de la 28\u00aa Jornada mundial de la juventud sobre el tema: \u201c\u00a1Vayan y hagan disc\u00edpulos a todos los pueblos!\u201d (Cfr. Mt 28,19).<\/p>\n<p style=\"text-align: justify;\">\u00a0El <strong>jueves 23 de julio se celebrar\u00e1 la memoria lit\u00fargica de Santa Br\u00edgida<\/strong>, religiosa y Patrona de Europa.<\/p>\n<p style=\"text-align: justify;\">\u00a0El viernes <strong>24 de julio<\/strong> se celebrar\u00e1 la <strong>memoria lit\u00fargica de San Charbel Makhl\u016bf<\/strong>, sacerdote.<\/p>\n<p style=\"text-align: justify;\">\u00a0Del <strong>24 al 27 de julio en Aparecida, Brasil, se celebrar\u00e1 el IV Encuentro Nacional de la Pastoral de las Comunicaciones sociales<\/strong>, sobre el tema: \u201cComunicaci\u00f3n, desaf\u00edos y posibilidades para evangelizar en la era de la cultura digital\u201d, en el que intervendr\u00e1 Monse\u00f1or Claudio Maria Celli, Presidente del Consejo Pontificio de las Comunicaciones Sociales.<\/p>\n<p style=\"text-align: justify;\">\u00a0El <strong>s\u00e1bado 25 de julio<\/strong> se celebrar\u00e1 la memoria lit\u00fargica de <strong>Santiago el Mayor, Ap\u00f3stol<\/strong>.<\/p>\n<p style=\"text-align: justify;\">\u00a0Ese mismo d\u00eda se celebrar\u00e1 el<strong> 47\u00b0 aniversario de la publicaci\u00f3n de la Enc\u00edclica \u201cHumanae Vitae\u201d de Pablo VI sobre la doctrina de la Iglesia<\/strong> acerca de la ilicitud de algunos m\u00e9todos para la regulaci\u00f3n de la natalidad.<\/p>\n<p style=\"text-align: justify;\">\u00a0El <strong>26 de julio, XVII Domingo del tiempo ordinario<\/strong> y memoria lit\u00fargica de los <strong>santos Joaqu\u00edn y Ana<\/strong>, padres de la Bienaventurada Virgen Mar\u00eda y abuelos de Jes\u00fas, el Papa Francisco rezar\u00e1 a mediod\u00eda la oraci\u00f3n mariana del \u00c1ngelus con los fieles y peregrinos que se dar\u00e1n cita en la Plaza de San Pedro.<\/p>\n<p style=\"text-align: justify;\">\u00a0Ese mismo d\u00eda <strong>en Reino Unido se celebrar\u00e1 la Jornada de la vida<\/strong>, organizada por la Conferencia episcopal de Inglaterra y Gales. La iniciativa de este a\u00f1o est\u00e1 dedicada al final de la vida y tiene por tema \u201cCultivar la vida, aceptar la muerte\u201d.<\/p>\n<p style=\"text-align: justify;\">El <strong>lunes 27 de julio<\/strong> en la localidad italiana de Jelsi se celebrar\u00e1 la <strong>VIII Edici\u00f3n del Premio internacional: \u201cEtnias y comunidades\u201d<\/strong>, para la revalorizaci\u00f3n y cuidado de una tradici\u00f3n, de su ambiente, de la tutela de los derechos humanos y de la identidad cultural y religiosa de las peque\u00f1as comunidades y otras etnias.<\/p>\n<p style=\"text-align: justify;\">\u00a0Al respecto cabe destacar que desde el 2008, a\u00f1o de su instituci\u00f3n, este premio ha sido entregado a diversos representantes del \u00e1mbito de la tradici\u00f3n, de la solidaridad, y de los diversos tipos de espiritualidad, entre los cuales a Tara Gandhi, sobrino del Mahatma Gandhi, a Birgil Kills Straight, l\u00edder de los indios de Am\u00e9rica, al XIV Dalai Lama, al Dr. Gino Strada y Emergency.<\/p>\n<p style=\"text-align: justify;\">Este a\u00f1o, en l\u00ednea con el mensaje del Santo Padre Francisco, al ofrecer el premio a Monse\u00f1or <strong>Louis Raphael Sako, Obispo de Baghdad y Patriarca caldeo de Babilonia en Irak<\/strong>, se desea centrar la atenci\u00f3n sobre el drama de los cristianos de Oriente, su matanza o su dram\u00e1tico \u00e9xodo.<\/p>\n<p style=\"text-align: justify;\">\u00a0Del <strong>27 al 31 de julio en Tlaxcala, M\u00e9xico,<\/strong> se celebrar\u00e1 el <strong>37\u00ba Encuentro nacional de la Pastoral penitenciaria cat\u00f3lica<\/strong>, sobre el tema: \u201cLa familia, cuna de la humanidad\u201d.<\/p>\n<p style=\"text-align: justify;\">\u00a0(Mar\u00eda Fernanda Bernasconi &#8211; RV).<\/p>\n<p style=\"text-align: justify;\">Foto: \u00a0El Papa Francisco durante la \u00faltima audiencia general de junio &#8211; OSS_ROM<\/p>\n","protected":false},"excerpt":{"rendered":"<p>Previsiones informativas en la Santa Sede de la semana del 21 al 27 de julio 2015 (RV).- El martes 21 de julio, memoria lit\u00fargica de San Lorenzo de Br\u00edndisi, sacerdote capuchino y Doctor de la Iglesia, sesenta alcaldes de todo el mundo se reunir\u00e1n en la Ciudad del Vaticano hasta el d\u00eda 22, para participar &hellip; <a href=\"https:\/\/www.biblia.work\/sermones\/previsiones-informativas-en-la-santa-sede-de-la-semana-del-21-al-27-de-julio\/\" class=\"more-link\">Continuar leyendo<span class=\"screen-reader-text\"> \u00abPrevisiones informativas en la Santa Sede de la semana del 21 al 27 de julio\u00bb<\/span><\/a><\/p>\n","protected":false},"author":1,"featured_media":0,"comment_status":"open","ping_status":"closed","sticky":false,"template":"","format":"standard","meta":{"footnotes":""},"categories":[1],"tags":[],"class_list":["post-37072","post","type-post","status-publish","format-standard","hentry","category-general"],"_links":{"self":[{"href":"https:\/\/www.biblia.work\/sermones\/wp-json\/wp\/v2\/posts\/37072","targetHints":{"allow":["GET"]}}],"collection":[{"href":"https:\/\/www.biblia.work\/sermones\/wp-json\/wp\/v2\/posts"}],"about":[{"href":"https:\/\/www.biblia.work\/sermones\/wp-json\/wp\/v2\/types\/post"}],"author":[{"embeddable":true,"href":"https:\/\/www.biblia.work\/sermones\/wp-json\/wp\/v2\/users\/1"}],"replies":[{"embeddable":true,"href":"https:\/\/www.biblia.work\/sermones\/wp-json\/wp\/v2\/comments?post=37072"}],"version-history":[{"count":0,"href":"https:\/\/www.biblia.work\/sermones\/wp-json\/wp\/v2\/posts\/37072\/revisions"}],"wp:attachment":[{"href":"https:\/\/www.biblia.work\/sermones\/wp-json\/wp\/v2\/media?parent=37072"}],"wp:term":[{"taxonomy":"category","embeddable":true,"href":"https:\/\/www.biblia.work\/sermones\/wp-json\/wp\/v2\/categories?post=37072"},{"taxonomy":"post_tag","embeddable":true,"href":"https:\/\/www.biblia.work\/sermones\/wp-json\/wp\/v2\/tags?post=37072"}],"curies":[{"name":"wp","href":"https:\/\/api.w.org\/{rel}","templated":true}]}}