{"id":37073,"date":"2016-06-21T11:01:51","date_gmt":"2016-06-21T16:01:51","guid":{"rendered":"http:\/\/www.biblia.work\/sermones\/cumbre-mundial-de-alcaldes-con-el-vaticano-sobre-esclavitud-moderna-y-cambio-climatico\/"},"modified":"2016-06-21T11:01:51","modified_gmt":"2016-06-21T16:01:51","slug":"cumbre-mundial-de-alcaldes-con-el-vaticano-sobre-esclavitud-moderna-y-cambio-climatico","status":"publish","type":"post","link":"https:\/\/www.biblia.work\/sermones\/cumbre-mundial-de-alcaldes-con-el-vaticano-sobre-esclavitud-moderna-y-cambio-climatico\/","title":{"rendered":"Cumbre Mundial de Alcaldes con el Vaticano sobre \u201cEsclavitud moderna y cambio clim\u00e1tico\u201d"},"content":{"rendered":"<p style=\"text-align: justify;\"><strong>Charo Castell\u00f3 interviene en la Cumbre Mundial de Alcaldes con el Vaticano sobre \u201cEsclavitud moderna y cambio clim\u00e1tico\u201d<\/strong><\/p>\n<p style=\"text-align: justify;\"><strong>\u00a0Comienza ma\u00f1ana 21 de julio y contar\u00e1 tambi\u00e9n con la participaci\u00f3n de la alcaldesa de Madrid, Manuela Carmena.<\/strong><\/p>\n<p style=\"text-align: justify;\">Organizado por las Academias Pontificias de las Ciencias y de las Ciencias Sociales, Roma acoge esta Cumbre Mundial, para un di\u00e1logo con 50 alcaldes de las ciudades m\u00e1s importantes del mundo que compartir\u00e1n sus compromisos con el papa Francisco.<\/p>\n<p style=\"text-align: justify;\">El principal objetivo de este encuentro es lograr que las autoridades pol\u00edticas locales se unan a los l\u00edderes religiosos en su solicitud para que la ONU considere las nuevas formas de esclavitud (la trata de personas, el trabajo forzado, la prostituci\u00f3n, el tr\u00e1fico de \u00f3rganos, y toda relaci\u00f3n que no respete la convicci\u00f3n fundamental de que todas las personas son iguales y tienen la misma libertad y la misma dignidad) como un delito de lesa humanidad, as\u00ed como ejercer presi\u00f3n moral sobre esa organizaci\u00f3n para asegurar que los nuevos Objetivos de Desarrollo Sostenible, que ser\u00e1n aprobados por la ONU en septiembre de 2015 y en la XXI Conferencia de Par\u00eds (COP21) en diciembre, asignen un peso suficiente a estas dos urgencias dram\u00e1ticas.<\/p>\n<p style=\"text-align: justify;\">Charo Castell\u00f3 ha sido invitada en representaci\u00f3n del comit\u00e9 organizador del Encuentro Mundial de Movimiento Populares con el Papa. La aportaci\u00f3n de Castell\u00f3, copresidenta del Movimiento Mundial de Trabajadores Cristianos y militante de la HOAC, es para el comit\u00e9 organizador del EMMP una oportunidad de concretar, por un lado, mecanismos de interlocuci\u00f3n junto con otros actores pol\u00edticos de relevancia y, por otro lado, la primera oportunidad de compartir y poner en pr\u00e1ctica la hoja de ruta que consolida la triple T: Trabajo, Tierra y Techo.<\/p>\n<p style=\"text-align: justify;\">Hoy d\u00eda afrontamos dos urgencias dram\u00e1ticas que, en cierto modo, est\u00e1n relacionadas: la crisis del cambio clim\u00e1tico y las nuevas formas de esclavitud. Como dice Laudato si\u2019, las consecuencias del cambio clim\u00e1tico azotan con mayor fuerza a las personas m\u00e1s vulnerables del planeta, mientras que ellas ni siquiera disfrutan de las ventajas de usar los combustibles f\u00f3siles. Los l\u00edderes religiosos, llamados a condenar las nuevas formas de esclavitud, han subrayado la relaci\u00f3n entre el ambiente natural y el ambiente humano. De hecho, el calentamiento global es una de las causas de la pobreza y de las migraciones forzadas, favoreciendo la trata de personas, el trabajo forzado, la prostituci\u00f3n y el tr\u00e1fico de \u00f3rganos.<\/p>\n<p style=\"text-align: justify;\">La contribuci\u00f3n activa de los gobiernos locales es crucial en la lucha contra este delito atroz. Los alcaldes y las autoridades locales tienen un rol que desempe\u00f1ar en la abolici\u00f3n de este delito de lesa humanidad.<\/p>\n<p style=\"text-align: justify;\"><strong>Notas<\/strong><br \/>\nPuedes seguir la Cumbre en directo desde aqu\u00ed<br \/>\nEn Twitter #MayorsCare\u00a0|\u00a0@CasinaPioIV\u00a0|\u00a0@nonservos<\/p>\n<p align=\"justify\">Foto: Charo Castell\u00f3 interviene en la Cumbre Mundial de Alcaldes con el Vaticano sobre \u201cEsclavitud moderna y cambio clim\u00e1tico\u201d<\/p>\n","protected":false},"excerpt":{"rendered":"<p>Charo Castell\u00f3 interviene en la Cumbre Mundial de Alcaldes con el Vaticano sobre \u201cEsclavitud moderna y cambio clim\u00e1tico\u201d \u00a0Comienza ma\u00f1ana 21 de julio y contar\u00e1 tambi\u00e9n con la participaci\u00f3n de la alcaldesa de Madrid, Manuela Carmena. Organizado por las Academias Pontificias de las Ciencias y de las Ciencias Sociales, Roma acoge esta Cumbre Mundial, para &hellip; <a href=\"https:\/\/www.biblia.work\/sermones\/cumbre-mundial-de-alcaldes-con-el-vaticano-sobre-esclavitud-moderna-y-cambio-climatico\/\" class=\"more-link\">Continuar leyendo<span class=\"screen-reader-text\"> \u00abCumbre Mundial de Alcaldes con el Vaticano sobre \u201cEsclavitud moderna y cambio clim\u00e1tico\u201d\u00bb<\/span><\/a><\/p>\n","protected":false},"author":1,"featured_media":0,"comment_status":"open","ping_status":"closed","sticky":false,"template":"","format":"standard","meta":{"footnotes":""},"categories":[1],"tags":[],"class_list":["post-37073","post","type-post","status-publish","format-standard","hentry","category-general"],"_links":{"self":[{"href":"https:\/\/www.biblia.work\/sermones\/wp-json\/wp\/v2\/posts\/37073","targetHints":{"allow":["GET"]}}],"collection":[{"href":"https:\/\/www.biblia.work\/sermones\/wp-json\/wp\/v2\/posts"}],"about":[{"href":"https:\/\/www.biblia.work\/sermones\/wp-json\/wp\/v2\/types\/post"}],"author":[{"embeddable":true,"href":"https:\/\/www.biblia.work\/sermones\/wp-json\/wp\/v2\/users\/1"}],"replies":[{"embeddable":true,"href":"https:\/\/www.biblia.work\/sermones\/wp-json\/wp\/v2\/comments?post=37073"}],"version-history":[{"count":0,"href":"https:\/\/www.biblia.work\/sermones\/wp-json\/wp\/v2\/posts\/37073\/revisions"}],"wp:attachment":[{"href":"https:\/\/www.biblia.work\/sermones\/wp-json\/wp\/v2\/media?parent=37073"}],"wp:term":[{"taxonomy":"category","embeddable":true,"href":"https:\/\/www.biblia.work\/sermones\/wp-json\/wp\/v2\/categories?post=37073"},{"taxonomy":"post_tag","embeddable":true,"href":"https:\/\/www.biblia.work\/sermones\/wp-json\/wp\/v2\/tags?post=37073"}],"curies":[{"name":"wp","href":"https:\/\/api.w.org\/{rel}","templated":true}]}}