{"id":37074,"date":"2016-06-21T11:01:56","date_gmt":"2016-06-21T16:01:56","guid":{"rendered":"http:\/\/www.biblia.work\/sermones\/las-vacaciones-del-papa-francisco-segun-federico-lombardi\/"},"modified":"2016-06-21T11:01:56","modified_gmt":"2016-06-21T16:01:56","slug":"las-vacaciones-del-papa-francisco-segun-federico-lombardi","status":"publish","type":"post","link":"https:\/\/www.biblia.work\/sermones\/las-vacaciones-del-papa-francisco-segun-federico-lombardi\/","title":{"rendered":"Las vacaciones del Papa Francisco, seg\u00fan Federico Lombardi"},"content":{"rendered":"<h5>Las vacaciones del papa Francisco, seg\u00fan Federico Lombardi<\/h5>\n<p>\u00a0En el hemisferio norte los meses de\u00a0julio y agosto son los m\u00e1s calurosos del a\u00f1o<\/p>\n<p align=\"justify\">\n<p style=\"text-align: justify;\">El director de la Oficina de Prensa del Vaticano, el padre <strong>Federico Lombardi<\/strong>, entrevistado por TV2000, al regreso de su viaje a Am\u00e9rica Latina explic\u00f3 las vacaciones de verano del papa Francisco, que en Europa son el mes de julio o agosto. Las escuelas y centros de estudios suelen estar cerrados en este per\u00edodo.\u00a0Actualmente bastante menos, pero hasta pocos a\u00f1os atr\u00e1s en el mes de agosto la ciudad de Roma se vaciaba.<\/p>\n<p style=\"text-align: justify;\">El portavoz indic\u00f3 que ahora \u201cel papa Francisco est\u00e1 preparando, en la Casa Santa Marta, en donde tiene su residencia en el Vaticano, su d\u00e9cimo viaje apost\u00f3lico a Cuba y a los Estados Unidos que ser\u00e1 del 19 al 27 de Septiembre\u201d.<\/p>\n<p style=\"text-align: justify;\">Precis\u00f3 adem\u00e1s que el Santo Padre \u201cest\u00e1 escribiendo los discursos que dir\u00e1 en los dos pa\u00edses, en especial el de las Naciones Unidas, en el Congreso de Estados Unidos y con motivo del D\u00eda Mundial de la Familia, en Filadelfia\u201d. El director de la Oficina de prensa de la Santa Sede consider\u00f3 que estos compromisos \u201crequieren una preparaci\u00f3n no indiferente\u201d.<\/p>\n<p style=\"text-align: justify;\">O sea que en el mes de julio, no hay audiencia general en la Plaza de San Pedro y tampoco la misa en la Capilla de Santa Marta, a la que participa un peque\u00f1o grupo de fieles, la que retoma en septiembre.<\/p>\n<p style=\"text-align: justify;\">En la Casa Santa Marta, Francisco aprovecha as\u00ed el ritmo menos intenso de trabajo para \u201cestudiar, leer, responder cartas y preparar sus pr\u00f3ximas citas\u201d.\u00a0O sea las vacaciones no incluyen ir a Castel Gandolfo, la hermosa residencia pontificia de verano con verdes jardines,\u00a0en donde la temperatura es un poco m\u00e1s baja que en Roma, sino en su residencia habitual: la Casa Santa Marta.<\/p>\n<p style=\"text-align: justify;\">El \u00fanico compromiso p\u00fablico sigue siendo la oraci\u00f3n del \u00e1ngelus el domingo, con los fieles en la Plaza de San Pedro.<\/p>\n<p style=\"text-align: justify;\">En agosto en cambio recomienzan las audiencias generales aunque no en la plaza de San Pedro, sino, en el Aula Pablo VI, debido al gran calor de este mes.<\/p>\n<p style=\"text-align: justify;\">\u00bfEl Papa no se va de vacaciones?\u00a0Monse\u00f1or Guillermo\u00a0Karcher, estrecho colaborador del Papa,\u00a0en una reciente entrevista a ZENIT respondi\u00f3: \u201cNo, hace las \u2018medias vacaciones\u2019 a su estilo\u201d. El monse\u00f1or afirma que \u201cpara \u00e9l no existe el concepto vacaciones. Lo hizo solo una vez de joven jesuita, en C\u00f3rdoba, luego nunca m\u00e1s. Para \u00e9l, vacaciones es disminuir un poco el ritmo\u2026\u201d.<\/p>\n<p style=\"text-align: justify;\"><em>Por Sergio Mora<\/em><\/p>\n<p style=\"text-align: justify;\">Ciudad del Vaticano, 18 de julio de 2015 (ZENIT.org)<\/p>\n","protected":false},"excerpt":{"rendered":"<p>Las vacaciones del papa Francisco, seg\u00fan Federico Lombardi \u00a0En el hemisferio norte los meses de\u00a0julio y agosto son los m\u00e1s calurosos del a\u00f1o El director de la Oficina de Prensa del Vaticano, el padre Federico Lombardi, entrevistado por TV2000, al regreso de su viaje a Am\u00e9rica Latina explic\u00f3 las vacaciones de verano del papa Francisco, &hellip; <a href=\"https:\/\/www.biblia.work\/sermones\/las-vacaciones-del-papa-francisco-segun-federico-lombardi\/\" class=\"more-link\">Continuar leyendo<span class=\"screen-reader-text\"> \u00abLas vacaciones del Papa Francisco, seg\u00fan Federico Lombardi\u00bb<\/span><\/a><\/p>\n","protected":false},"author":1,"featured_media":0,"comment_status":"open","ping_status":"closed","sticky":false,"template":"","format":"standard","meta":{"footnotes":""},"categories":[1],"tags":[],"class_list":["post-37074","post","type-post","status-publish","format-standard","hentry","category-general"],"_links":{"self":[{"href":"https:\/\/www.biblia.work\/sermones\/wp-json\/wp\/v2\/posts\/37074","targetHints":{"allow":["GET"]}}],"collection":[{"href":"https:\/\/www.biblia.work\/sermones\/wp-json\/wp\/v2\/posts"}],"about":[{"href":"https:\/\/www.biblia.work\/sermones\/wp-json\/wp\/v2\/types\/post"}],"author":[{"embeddable":true,"href":"https:\/\/www.biblia.work\/sermones\/wp-json\/wp\/v2\/users\/1"}],"replies":[{"embeddable":true,"href":"https:\/\/www.biblia.work\/sermones\/wp-json\/wp\/v2\/comments?post=37074"}],"version-history":[{"count":0,"href":"https:\/\/www.biblia.work\/sermones\/wp-json\/wp\/v2\/posts\/37074\/revisions"}],"wp:attachment":[{"href":"https:\/\/www.biblia.work\/sermones\/wp-json\/wp\/v2\/media?parent=37074"}],"wp:term":[{"taxonomy":"category","embeddable":true,"href":"https:\/\/www.biblia.work\/sermones\/wp-json\/wp\/v2\/categories?post=37074"},{"taxonomy":"post_tag","embeddable":true,"href":"https:\/\/www.biblia.work\/sermones\/wp-json\/wp\/v2\/tags?post=37074"}],"curies":[{"name":"wp","href":"https:\/\/api.w.org\/{rel}","templated":true}]}}