{"id":37075,"date":"2016-06-21T11:02:06","date_gmt":"2016-06-21T16:02:06","guid":{"rendered":"http:\/\/www.biblia.work\/sermones\/el-helipuerto-vaticano-se-usara-para-emergencias-del-hospital-bambino-gesu\/"},"modified":"2016-06-21T11:02:06","modified_gmt":"2016-06-21T16:02:06","slug":"el-helipuerto-vaticano-se-usara-para-emergencias-del-hospital-bambino-gesu","status":"publish","type":"post","link":"https:\/\/www.biblia.work\/sermones\/el-helipuerto-vaticano-se-usara-para-emergencias-del-hospital-bambino-gesu\/","title":{"rendered":"El helipuerto vaticano se usar\u00e1 para emergencias del hospital Bambino Ges\u00f9"},"content":{"rendered":"<p><b>El helipuerto vaticano se usar\u00e1 para emergencias del hospital Bambino Ges\u00f9 <\/b><br \/>\n<b>\u00a0<\/b><br \/>\nEl Papa ha expresado su benevolencia ante la iniciativa que ser\u00e1 de gran ayuda\u00a0para los ni\u00f1os<\/p>\n<p align=\"justify\">\n<p>La Gobernaci\u00f3n del Estado de la Ciudad del Vaticano y el hospital pedi\u00e1trico\u00a0Bambino Ges\u00f9 han sellado este viernes un acuerdo para poder utilizar el helipuerto situado en los Jardines Vaticanos. La iniciativa\u00a0ha sido firmada por el secretario general de la Gobernaci\u00f3n del Vaticano, monse\u00f1or Fernando V\u00e9rgez Alzaga LC, y por la presidenta del hospital pedi\u00e1trico de la Santa Sede, Mariella Enoc.<\/p>\n<p>Como explica el comunicado de la oficina del prensa del Vaticano, la Gobernaci\u00f3n concede al Bambino Ges\u00f9 de Roma, la autorizaci\u00f3n para el despegue y aterrizaje, diurno y nocturno, dentro del Estado de la Ciudad del Vaticano, para aeroambulancias y helic\u00f3pteros procedentes o con destino al hospital, para urgencias graves y emergencias pedi\u00e1tricas o para casos relacionados con transplantes de \u00f3rganos.<br \/>\nEl acuerdo es preparativo para la inclusi\u00f3n del helipuerto del Vaticano en la red regional para la gesti\u00f3n de emergencias. El papa Francisco, al ser informado de la iniciativa, ha manifestado su alegr\u00eda y ha expresado su benevolencia por el acuerdo que ser\u00e1 de gran ayuda para los ni\u00f1os.<\/p>\n<p>\u201cEs un gesto importante de caridad &#8211;comenta Mariella Enoc&#8211; que responde a una necesidad de salud fundamental: la cercan\u00eda f\u00edsica entre el Estado de la Ciudad del Vaticano y nuestra sede en el Gianicolo, de hecho, consentir\u00e1 acortar de forma significativa los tiempos de transporte, contribuyendo en muchos casos a salvar la vida de los ni\u00f1os\u201d.<\/p>\n<p>Ciudad del Vaticano, 17 de julio de 2015 (ZENIT.org)<\/p>\n<p align=\"justify\">&nbsp;<\/p>\n","protected":false},"excerpt":{"rendered":"<p>El helipuerto vaticano se usar\u00e1 para emergencias del hospital Bambino Ges\u00f9 \u00a0 El Papa ha expresado su benevolencia ante la iniciativa que ser\u00e1 de gran ayuda\u00a0para los ni\u00f1os La Gobernaci\u00f3n del Estado de la Ciudad del Vaticano y el hospital pedi\u00e1trico\u00a0Bambino Ges\u00f9 han sellado este viernes un acuerdo para poder utilizar el helipuerto situado en &hellip; <a href=\"https:\/\/www.biblia.work\/sermones\/el-helipuerto-vaticano-se-usara-para-emergencias-del-hospital-bambino-gesu\/\" class=\"more-link\">Continuar leyendo<span class=\"screen-reader-text\"> \u00abEl helipuerto vaticano se usar\u00e1 para emergencias del hospital Bambino Ges\u00f9\u00bb<\/span><\/a><\/p>\n","protected":false},"author":1,"featured_media":0,"comment_status":"open","ping_status":"closed","sticky":false,"template":"","format":"standard","meta":{"footnotes":""},"categories":[1],"tags":[],"class_list":["post-37075","post","type-post","status-publish","format-standard","hentry","category-general"],"_links":{"self":[{"href":"https:\/\/www.biblia.work\/sermones\/wp-json\/wp\/v2\/posts\/37075","targetHints":{"allow":["GET"]}}],"collection":[{"href":"https:\/\/www.biblia.work\/sermones\/wp-json\/wp\/v2\/posts"}],"about":[{"href":"https:\/\/www.biblia.work\/sermones\/wp-json\/wp\/v2\/types\/post"}],"author":[{"embeddable":true,"href":"https:\/\/www.biblia.work\/sermones\/wp-json\/wp\/v2\/users\/1"}],"replies":[{"embeddable":true,"href":"https:\/\/www.biblia.work\/sermones\/wp-json\/wp\/v2\/comments?post=37075"}],"version-history":[{"count":0,"href":"https:\/\/www.biblia.work\/sermones\/wp-json\/wp\/v2\/posts\/37075\/revisions"}],"wp:attachment":[{"href":"https:\/\/www.biblia.work\/sermones\/wp-json\/wp\/v2\/media?parent=37075"}],"wp:term":[{"taxonomy":"category","embeddable":true,"href":"https:\/\/www.biblia.work\/sermones\/wp-json\/wp\/v2\/categories?post=37075"},{"taxonomy":"post_tag","embeddable":true,"href":"https:\/\/www.biblia.work\/sermones\/wp-json\/wp\/v2\/tags?post=37075"}],"curies":[{"name":"wp","href":"https:\/\/api.w.org\/{rel}","templated":true}]}}