{"id":37076,"date":"2016-06-21T11:02:09","date_gmt":"2016-06-21T16:02:09","guid":{"rendered":"http:\/\/www.biblia.work\/sermones\/los-restos-del-padre-pio-se-expondran-durante-el-ano-de-la-misericordia\/"},"modified":"2016-06-21T11:02:09","modified_gmt":"2016-06-21T16:02:09","slug":"los-restos-del-padre-pio-se-expondran-durante-el-ano-de-la-misericordia","status":"publish","type":"post","link":"https:\/\/www.biblia.work\/sermones\/los-restos-del-padre-pio-se-expondran-durante-el-ano-de-la-misericordia\/","title":{"rendered":"Los restos del Padre P\u00edo se expondr\u00e1n durante el A\u00f1o de la Misericordia"},"content":{"rendered":"<p style=\"text-align: justify;\"><strong>\u00a0Los restos del Padre P\u00edo se expondr\u00e1n durante el A\u00f1o de la Misericordia<\/strong><\/p>\n<p style=\"text-align: justify;\">Los restos de San P\u00edo de Pietrelcina, com\u00fanmente conocido como el &#8220;Padre P\u00edo\u201d, ser\u00e1n expuestos en la bas\u00edlica de San Pedro del 8 al 14 de febrero de 2016, con motivo del A\u00f1o de la Misericordia.<\/p>\n<p style=\"text-align: justify;\">\u00a0En el comunicado que se puede encontrar en la web del Convento Santuario de San P\u00edo de Pietrelcina se explica que la iniciativa ha sido un deseo expreso del Papa.<\/p>\n<p style=\"text-align: justify;\">\u00a0En \u00e9l se dice que Francisco ha querido que los restos del Padre P\u00edo sean expuestos en la bas\u00edlica de San Pedro el Mi\u00e9rcoles de Ceniza (10 de febrero), d\u00eda en el que ser\u00e1n enviados por todo el mundo los &#8220;misioneros de la misericordia\u201d .<\/p>\n<p style=\"text-align: justify;\">Fuente: Rome Reports<\/p>\n<p style=\"text-align: justify;\">\n<p align=\"justify\">&nbsp;<\/p>\n<p align=\"justify\">&nbsp;<\/p>\n","protected":false},"excerpt":{"rendered":"<p>\u00a0Los restos del Padre P\u00edo se expondr\u00e1n durante el A\u00f1o de la Misericordia Los restos de San P\u00edo de Pietrelcina, com\u00fanmente conocido como el &#8220;Padre P\u00edo\u201d, ser\u00e1n expuestos en la bas\u00edlica de San Pedro del 8 al 14 de febrero de 2016, con motivo del A\u00f1o de la Misericordia. \u00a0En el comunicado que se puede &hellip; <a href=\"https:\/\/www.biblia.work\/sermones\/los-restos-del-padre-pio-se-expondran-durante-el-ano-de-la-misericordia\/\" class=\"more-link\">Continuar leyendo<span class=\"screen-reader-text\"> \u00abLos restos del Padre P\u00edo se expondr\u00e1n durante el A\u00f1o de la Misericordia\u00bb<\/span><\/a><\/p>\n","protected":false},"author":1,"featured_media":0,"comment_status":"open","ping_status":"closed","sticky":false,"template":"","format":"standard","meta":{"footnotes":""},"categories":[1],"tags":[],"class_list":["post-37076","post","type-post","status-publish","format-standard","hentry","category-general"],"_links":{"self":[{"href":"https:\/\/www.biblia.work\/sermones\/wp-json\/wp\/v2\/posts\/37076","targetHints":{"allow":["GET"]}}],"collection":[{"href":"https:\/\/www.biblia.work\/sermones\/wp-json\/wp\/v2\/posts"}],"about":[{"href":"https:\/\/www.biblia.work\/sermones\/wp-json\/wp\/v2\/types\/post"}],"author":[{"embeddable":true,"href":"https:\/\/www.biblia.work\/sermones\/wp-json\/wp\/v2\/users\/1"}],"replies":[{"embeddable":true,"href":"https:\/\/www.biblia.work\/sermones\/wp-json\/wp\/v2\/comments?post=37076"}],"version-history":[{"count":0,"href":"https:\/\/www.biblia.work\/sermones\/wp-json\/wp\/v2\/posts\/37076\/revisions"}],"wp:attachment":[{"href":"https:\/\/www.biblia.work\/sermones\/wp-json\/wp\/v2\/media?parent=37076"}],"wp:term":[{"taxonomy":"category","embeddable":true,"href":"https:\/\/www.biblia.work\/sermones\/wp-json\/wp\/v2\/categories?post=37076"},{"taxonomy":"post_tag","embeddable":true,"href":"https:\/\/www.biblia.work\/sermones\/wp-json\/wp\/v2\/tags?post=37076"}],"curies":[{"name":"wp","href":"https:\/\/api.w.org\/{rel}","templated":true}]}}