{"id":37077,"date":"2016-06-21T11:02:14","date_gmt":"2016-06-21T16:02:14","guid":{"rendered":"http:\/\/www.biblia.work\/sermones\/aprobacion-de-virtudes-heroicas-a-la-espanola-sierva-de-dios-isabel-mendez-herrero\/"},"modified":"2016-06-21T11:02:14","modified_gmt":"2016-06-21T16:02:14","slug":"aprobacion-de-virtudes-heroicas-a-la-espanola-sierva-de-dios-isabel-mendez-herrero","status":"publish","type":"post","link":"https:\/\/www.biblia.work\/sermones\/aprobacion-de-virtudes-heroicas-a-la-espanola-sierva-de-dios-isabel-mendez-herrero\/","title":{"rendered":"Aprobaci\u00f3n de virtudes heroicas a la espa\u00f1ola sierva de Dios Isabel M\u00e9ndez Herrero"},"content":{"rendered":"<p style=\"text-align: justify;\"><strong>Decretos de la Congregaci\u00f3n para las Causas de los Santos<\/strong><\/p>\n<p style=\"text-align: justify;\">Ayer tarde el Santo Padre recibi\u00f3 en audiencia privada al cardenal<strong> Angelo Amato, S.D.B., Prefecto de la Congregaci\u00f3n para las Causas de los Santos<\/strong> y, en el curso de la misma, autoriz\u00f3 la <strong>promulgaci\u00f3n de los decretos sobre las virtudes heroicas de:<\/strong><\/p>\n<p style=\"text-align: justify;\">\u00a0-Siervo de Dios Andrej Szeptyckyj (en el siglo: Roman Aleksander Maria) ,de la Orden se San Basilio, ucraniano, arzobispo mayor de Le\u00f3polis de los Ucranianos y metropolitano de Halyc, 1865 -1944.<\/p>\n<p style=\"text-align: justify;\">\u00a0-Siervo de Dios Giuseppe Carraro, italiano, obispo de Verona; 1899 -1980.<\/p>\n<p style=\"text-align: justify;\">\u00a0-Siervo de Dios Agust\u00edn Ram\u00edrez Barba; mexicano; sacerdote diocesano, Fundador de la Congregaci\u00f3n de las Hermanas Siervas del Se\u00f1or de la Misericordia; 1881- 1967.<\/p>\n<p style=\"text-align: justify;\">\u00a0-Siervo de Dios Simpliciano della Nativit\u00e0 (en el siglo: Aniello Francesco Saverio Maresca); italiano; sacerdote profeso de la Orden de los Frailes Menores; Fundador de la Congregaci\u00f3n de las Hermanas Franciscanas de los Sagrados Corazones; 1827-1898.<\/p>\n<p style=\"text-align: justify;\">\u00a0-Sierva de Dios Maria del Refugio Aguilar y Torres, mexicana, viuda, Fundadora de la Congregaci\u00f3n de las Hermanas Mercedarias del Ss.mo Sacramento; 1866 -1937.<\/p>\n<p style=\"text-align: justify;\">-Sierva de Dios Marie-Th\u00e9rese Dupouy Bordes, francesa, religisoa profesa de la Sociedad del Sagrado Coraz\u00f3n de Jes\u00fas, Fundadora de la Congregaci\u00f3n de las Misioneras de los Sagrados Corazones de Jes\u00fas y Mar\u00eda; 1873 -1953.<\/p>\n<p style=\"text-align: justify;\">-Sierva de Dios Elisa Miceli, italiana, Fundadora del Instituto de las Hermanas Catequistas Rurales del Sagrado Coraz\u00f3n; 1904-1976.<\/p>\n<p style=\"text-align: justify;\">-Sierva de Dios <strong>Isabel M\u00e9ndez Herrero<\/strong> (en religi\u00f3n: Isabel de Mar\u00eda Inmaculada), espa\u00f1ola, religiosa profesa de la Congregaci\u00f3n de las Siervas de San Jos\u00e9; 1924 -1953.<\/p>\n<p style=\"text-align: justify;\">\u00a0Ciudad del Vaticano, 17 de julio de 2015 (Vis).-<\/p>\n<p align=\"justify\">&nbsp;<\/p>\n","protected":false},"excerpt":{"rendered":"<p>Decretos de la Congregaci\u00f3n para las Causas de los Santos Ayer tarde el Santo Padre recibi\u00f3 en audiencia privada al cardenal Angelo Amato, S.D.B., Prefecto de la Congregaci\u00f3n para las Causas de los Santos y, en el curso de la misma, autoriz\u00f3 la promulgaci\u00f3n de los decretos sobre las virtudes heroicas de: \u00a0-Siervo de Dios &hellip; <a href=\"https:\/\/www.biblia.work\/sermones\/aprobacion-de-virtudes-heroicas-a-la-espanola-sierva-de-dios-isabel-mendez-herrero\/\" class=\"more-link\">Continuar leyendo<span class=\"screen-reader-text\"> \u00abAprobaci\u00f3n de virtudes heroicas a la espa\u00f1ola sierva de Dios Isabel M\u00e9ndez Herrero\u00bb<\/span><\/a><\/p>\n","protected":false},"author":1,"featured_media":0,"comment_status":"open","ping_status":"closed","sticky":false,"template":"","format":"standard","meta":{"footnotes":""},"categories":[1],"tags":[],"class_list":["post-37077","post","type-post","status-publish","format-standard","hentry","category-general"],"_links":{"self":[{"href":"https:\/\/www.biblia.work\/sermones\/wp-json\/wp\/v2\/posts\/37077","targetHints":{"allow":["GET"]}}],"collection":[{"href":"https:\/\/www.biblia.work\/sermones\/wp-json\/wp\/v2\/posts"}],"about":[{"href":"https:\/\/www.biblia.work\/sermones\/wp-json\/wp\/v2\/types\/post"}],"author":[{"embeddable":true,"href":"https:\/\/www.biblia.work\/sermones\/wp-json\/wp\/v2\/users\/1"}],"replies":[{"embeddable":true,"href":"https:\/\/www.biblia.work\/sermones\/wp-json\/wp\/v2\/comments?post=37077"}],"version-history":[{"count":0,"href":"https:\/\/www.biblia.work\/sermones\/wp-json\/wp\/v2\/posts\/37077\/revisions"}],"wp:attachment":[{"href":"https:\/\/www.biblia.work\/sermones\/wp-json\/wp\/v2\/media?parent=37077"}],"wp:term":[{"taxonomy":"category","embeddable":true,"href":"https:\/\/www.biblia.work\/sermones\/wp-json\/wp\/v2\/categories?post=37077"},{"taxonomy":"post_tag","embeddable":true,"href":"https:\/\/www.biblia.work\/sermones\/wp-json\/wp\/v2\/tags?post=37077"}],"curies":[{"name":"wp","href":"https:\/\/api.w.org\/{rel}","templated":true}]}}