{"id":37078,"date":"2016-06-21T11:02:18","date_gmt":"2016-06-21T16:02:18","guid":{"rendered":"http:\/\/www.biblia.work\/sermones\/el-papa-francisco-escribe-a-los-participantes-del-encuentro-sobre-repercusiones-de-la-mineria\/"},"modified":"2016-06-21T11:02:18","modified_gmt":"2016-06-21T16:02:18","slug":"el-papa-francisco-escribe-a-los-participantes-del-encuentro-sobre-repercusiones-de-la-mineria","status":"publish","type":"post","link":"https:\/\/www.biblia.work\/sermones\/el-papa-francisco-escribe-a-los-participantes-del-encuentro-sobre-repercusiones-de-la-mineria\/","title":{"rendered":"El Papa Francisco escribe a los participantes del encuentro sobre repercusiones de la miner\u00eda"},"content":{"rendered":"<p style=\"text-align: justify;\"><strong>El Papa escribe a los participantes por el encuentro sobre las repercusiones de la miner\u00eda<\/strong><\/p>\n<p style=\"text-align: justify;\">\u00a0(RV).- \u201cUna jornada de reflexi\u00f3n. Unidos a Dios escuchamos un grito\u201d, es el t\u00edtulo del encuentro que ha sido organizado por el <strong>Consejo Pontificio Justicia y Paz<\/strong> con los representantes de las comunidades afectadas por la actividad minera, procedentes de pa\u00edses de los continentes africano, asi\u00e1tico y americano, que se celebrar\u00e1 del 17 al 19 de julio.<\/p>\n<p style=\"text-align: justify;\">El Papa Francisco envi\u00f3 un mensaje al cardenal<strong> Peter Turkson<\/strong>, presidente de dicho dicasterio, para que lo haga extensivo a los representantes de las comunidades interesadas por las actividades mineras que participan en el encuentro &#8221;Unidos a Dios escuchamos un grito\u201d organizado por ese dicasterio en colaboraci\u00f3n con la red latinoamericana Iglesias y Miner\u00eda.<\/p>\n<p style=\"text-align: justify;\">\n<p style=\"text-align: justify;\">&#8221;Ven\u00eds de situaciones diferentes y experiment\u00e1is de diversos modos las repercusiones de la miner\u00eda, ya sea la de las grandes empresas industriales, o la de los artesanos y operadores informales -escribe el Papa- Os hab\u00e9is querido reunir en Roma, en esta jornada de reflexi\u00f3n que est\u00e1 vinculada a un paso de la Exhortaci\u00f3n apost\u00f3lica &#8221;Evangelii Gaudium&#8221;, para que se escuche el grito de tantas personas, familias y comunidades que sufren directa o indirectamente por las consecuencias a menudo, demasiado negativas, de la miner\u00eda Un grito por la tierra perdida; un grito por la extracci\u00f3n de riquezas del suelo que, parad\u00f3jicamente, no ha producido riqueza para las poblaciones locales que siguen siendo pobres; un grito de dolor en respuesta a la violencia, a las amenazas y la corrupci\u00f3n; un grito de indignaci\u00f3n y de apoyo por las violaciones de los derechos humanos, discreta o descaradamente pisoteados por cuanto respecta a la salud de las poblaciones, por las condiciones de trabajo, a veces por la esclavitud y la trata de personas que alimenta el tr\u00e1gico fen\u00f3meno de la prostituci\u00f3n; un grito de tristeza e impotencia por la contaminaci\u00f3n del agua, del aire y del suelo; un grito de incomprensi\u00f3n por la carencia de procesos inclusivos y del apoyo de las autoridades civiles, locales y nacionales, que tienen el deber fundamental de promover el bien com\u00fan&#8221;.<\/p>\n<p style=\"text-align: justify;\">\n<p style=\"text-align: justify;\">&#8221;Los minerales y, en general, la riqueza del suelo y el subsuelo constituyen un don precioso de Dios, que la humanidad ha utilizado durante miles de a\u00f1os Los minerales, de hecho, son fundamentales para numerosos sectores de la vida y la actividad humana. En la enc\u00edclica &#8221;Laudato Si&#8221;&#8217; he querido lanzar un llamamiento urgente a colaborar en el cuidado de nuestra casa com\u00fan, para contrastar las dram\u00e1ticas consecuencias de la degradaci\u00f3n ambiental en la vida de los pobres y excluidos, y avanzar hacia el desarrollo integral, incluyente y sostenible . Todo el sector minero est\u00e1 indudablamente llamado a efectuar un cambio radical de paradigma para mejorar la situaci\u00f3n en muchos pa\u00edses. Los gobiernos de los pa\u00edses de origen de las empresas multinacionales y los de aquellos en los que operan puedaen contribuir a ello, as\u00ed como los emprendedores e inversores, las autoridades locales que supervisan la ejecuci\u00f3n de las operaciones mineras, los trabajadores y sus representantes, las cadenas de suministro internacional con sus varios intermediarios y los que trabajan en los mercados de estas materias, los consumidores de productos en los que se han utlizado minerales. Todas estas personas est\u00e1n llamadas a adoptar un comportamiento inspirado en el hecho de que constituimos una sola familia humana, &#8221;que todo est\u00e1 relacionado, y que el aut\u00e9ntico cuidado de nuestra propia vida y nuestras relaciones con la naturaleza es inseparable de la fraternidad, la justicia y la fidelidad a los dem\u00e1s &#8220;.<\/p>\n<p style=\"text-align: justify;\">\n<p style=\"text-align: justify;\">&#8221;Animo a las comunidades representadas en este encuentro a considerar c\u00f3mo pueden interactuar constructivamente con todos los dem\u00e1s actores involucrados, en un di\u00e1logo sincero y respetuoso -concluye Francisco- Espero que esta ocasi\u00f3n contribuya a una mayor conciencia y responsabilidad en estos temas: partiendo de la dignidad humana es como se crea la cultura necesaria para hacer frente a la crisis actual. Le pido al Se\u00f1or que su trabajo en estos d\u00edas sea rico de frutos, y que esos frutos puedan compartirse con todos aquellos que lo necesitan. Os pido por favor que rec\u00e9is por m\u00ed y con afecto os bendigo, as\u00ed como a vuestras comunidades de pertenencia y a vuestras familias&#8221;.<\/p>\n","protected":false},"excerpt":{"rendered":"<p>El Papa escribe a los participantes por el encuentro sobre las repercusiones de la miner\u00eda \u00a0(RV).- \u201cUna jornada de reflexi\u00f3n. Unidos a Dios escuchamos un grito\u201d, es el t\u00edtulo del encuentro que ha sido organizado por el Consejo Pontificio Justicia y Paz con los representantes de las comunidades afectadas por la actividad minera, procedentes de &hellip; <a href=\"https:\/\/www.biblia.work\/sermones\/el-papa-francisco-escribe-a-los-participantes-del-encuentro-sobre-repercusiones-de-la-mineria\/\" class=\"more-link\">Continuar leyendo<span class=\"screen-reader-text\"> \u00abEl Papa Francisco escribe a los participantes del encuentro sobre repercusiones de la miner\u00eda\u00bb<\/span><\/a><\/p>\n","protected":false},"author":1,"featured_media":0,"comment_status":"open","ping_status":"closed","sticky":false,"template":"","format":"standard","meta":{"footnotes":""},"categories":[1],"tags":[],"class_list":["post-37078","post","type-post","status-publish","format-standard","hentry","category-general"],"_links":{"self":[{"href":"https:\/\/www.biblia.work\/sermones\/wp-json\/wp\/v2\/posts\/37078","targetHints":{"allow":["GET"]}}],"collection":[{"href":"https:\/\/www.biblia.work\/sermones\/wp-json\/wp\/v2\/posts"}],"about":[{"href":"https:\/\/www.biblia.work\/sermones\/wp-json\/wp\/v2\/types\/post"}],"author":[{"embeddable":true,"href":"https:\/\/www.biblia.work\/sermones\/wp-json\/wp\/v2\/users\/1"}],"replies":[{"embeddable":true,"href":"https:\/\/www.biblia.work\/sermones\/wp-json\/wp\/v2\/comments?post=37078"}],"version-history":[{"count":0,"href":"https:\/\/www.biblia.work\/sermones\/wp-json\/wp\/v2\/posts\/37078\/revisions"}],"wp:attachment":[{"href":"https:\/\/www.biblia.work\/sermones\/wp-json\/wp\/v2\/media?parent=37078"}],"wp:term":[{"taxonomy":"category","embeddable":true,"href":"https:\/\/www.biblia.work\/sermones\/wp-json\/wp\/v2\/categories?post=37078"},{"taxonomy":"post_tag","embeddable":true,"href":"https:\/\/www.biblia.work\/sermones\/wp-json\/wp\/v2\/tags?post=37078"}],"curies":[{"name":"wp","href":"https:\/\/api.w.org\/{rel}","templated":true}]}}