{"id":37079,"date":"2016-06-21T11:02:22","date_gmt":"2016-06-21T16:02:22","guid":{"rendered":"http:\/\/www.biblia.work\/sermones\/justicia-y-paz-da-voz-al-clamor-de-las-comunidades-afectadas-por-la-mineria\/"},"modified":"2016-06-21T11:02:22","modified_gmt":"2016-06-21T16:02:22","slug":"justicia-y-paz-da-voz-al-clamor-de-las-comunidades-afectadas-por-la-mineria","status":"publish","type":"post","link":"https:\/\/www.biblia.work\/sermones\/justicia-y-paz-da-voz-al-clamor-de-las-comunidades-afectadas-por-la-mineria\/","title":{"rendered":"Justicia y Paz da voz al clamor de las comunidades afectadas por la miner\u00eda"},"content":{"rendered":"<p style=\"text-align: justify;\"><b>Justicia y Paz da voz al clamor de las comunidades afectadas por la miner\u00eda <\/b><\/p>\n<p style=\"text-align: justify;\">Esta ma\u00f1ana en la Oficina de Prensa de la Santa Sede el cardenal <strong>Peter Kodwo Appiah Turkson<\/strong> ha presentado la iniciativa del Pontificio Consejo Justicia y Paz, del que es presidente, ?Una jornada de reflexi\u00f3n ? Unidos a Dios escuchamos un grito?, en el que participan varios representantes de las comunidades afectadas por la miner\u00eda en Africa, Asia y Am\u00e9rica. Los representantes se reunir\u00e1n en el Centro de Congresos Salesianum de Roma del 17 al 19 de julio.<\/p>\n<p style=\"text-align: justify;\">El cardenal Turkson explic\u00f3 que el prop\u00f3sito de la reuni\u00f3n era hacer un balance de la situaci\u00f3n de estas comunidades, recordando que en 2013 Justicia y Paz organiz\u00f3 la jornada de reflexi\u00f3n &#8221;Miner\u00eda para el bien com\u00fan&#8221;, a petici\u00f3n de los dirigentes de diversas empresas mineras , en la que se abordaron las implicaciones humanas, econ\u00f3micas y ambientales de esa actividad. Un informe del encuentro se distribuy\u00f3 a las Conferencias Episcopales de los pa\u00edses interesados. El dicasterio repetir\u00e1 el evento el pr\u00f3ximo mes de septiembre con una jornada titulada esta vez : &#8221;Crear un nuevo futuro, otra imagen para el futuro de la miner\u00eda&#8221;. De ah\u00ed que, antes de ese encuentro, se quiera escuchar la voz de las comunidades afectadas por esa industria.<\/p>\n<p style=\"text-align: justify;\">&#8221;Para esta decisi\u00f3n del dicasterio pontificio -dijo el purpurado- no faltan razones. Con la Enc\u00edclica Laudato Si&#8217; el Santo Padre nos exhorta a &#8220;escuchar el grito de la tierra tanto como el grito de los pobres&#8221;. No podemos permanecer indiferentes ante este grito, porque la necesidad de escucharlo &#8220;brota de la misma obra liberadora de la gracia en cada uno de nosotros,por lo cual no se trata de una misi\u00f3n reservada s\u00f3lo a algunos:La Iglesia, guiada por el Evangelio de la misericordia y por el amor al hombre,escucha el clamor por la justicia y quiere responder a \u00e9l con todas sus fuerzas&#8221;.<\/p>\n<p align=\"justify\">&#8221;Adem\u00e1s -subray\u00f3- ya somos muchos los que hemos tomado conciencia de este grito desgarrador que viene de las zonas donde se buscan y se extraen minerales. Por citar s\u00f3lo algunos ejemplos: el &#8220;Africa Progress Report&#8221;, del ex Secretario General de la ONU Kofi Annan, las directrices de la OCDE en materia, los numerosos informes sobre los derechos de las poblaciones ind\u00edgenas, la iniciativa &#8221;Publish what you pay&#8221;, la legislaci\u00f3n sobre la trazabilidad de procesamiento de minerales en el Parlamento Europeo; el cine con pel\u00edculas como &#8221;Diamantes de sangre&#8221; o &#8221;Avatar&#8221;.<\/p>\n<p style=\"text-align: justify;\">&#8221;La Iglesia, en varias ocasiones y desde hace muchos a\u00f1os -precis\u00f3 el purpurado- sigue de cerca las actividades mineras. A nivel nacional, los documentos de las Conferencias Episcopales denunciando la violaci\u00f3n de los derechos humanos, la ilegalidad, la violencia y la explotaci\u00f3n de los yacimientos que contaminan o perjudican la seguridad alimentaria local. Em \u00e1mbito regional se ocupan del tema las Conferencias Episcopales Continentales, la Red Eclesial Panamaz\u00f3nica, etc..A nivel transnacional,las redes de los franciscanos, CIDSE y Caritas. Todas esas voces siguen la misma direcci\u00f3n: ante esas situaciones no se puede dejar que prosigan la indiferencia, el cinismo y la impunidad. Se necesita un cambio radical de paradigma en pro del bien com\u00fan, de la justicia, la sostenibilidad, la dignidad humana&#8221;.<\/p>\n<p style=\"text-align: justify;\">En estos tres d\u00eda se dar\u00e1n cita en el Salesianium los representantes de las comunidades afectadas de diferentes maneras por operaciones mineras de diverso tipo que se har\u00e1n portavoces de los que no han podido venir a Roma, cuyo clamor escapa a menudo a la atenci\u00f3n de los expertos. &#8221;Quiero destacar -dijo el presidente de Justicia y Paz- que algunas personas que participan en la reuni\u00f3n han sido presionadas e intimidadas en los \u00faltimos d\u00edas, por ejemplo, despu\u00e9s de solicitar un pasaporte. Al Pontificio Consejo han llegado los testimonios de las amenazas, de las violencia y los asesinatos, de las represalias, de las indemnizaciones que nunca llegaron y de las promesas nunca mantenidas&#8221;.<\/p>\n<p style=\"text-align: justify;\">&#8221;Por lo tanto -recalc\u00f3- hay individuos que trabajan &#8220;sin un prop\u00f3sito verdaderamente humano&#8221;. Hay aspectos negativos ante la primac\u00eda del ser humano, hay insensibidad al bienestar del ambiente social y natural y tantas experiencias de fragilidad, abandono y rechazo. Los responsables son los inversores, empresarios, pol\u00edticos y l\u00edderes de los pa\u00edses donde se encuentran los yacimientos o de los pa\u00edses donde tienen su sede los cuarteles generales de las empresas mineras multinacionales&#8221;.<\/p>\n<p style=\"text-align: justify;\">&#8221;Y por otra parte -fianliz\u00f3\u00f3- en los pa\u00edses explotados y pobres, se necesitan, ante todo gobiernos \u00edntegros, personas educadas e inversores con un agudo sentido de la justicia y del bien com\u00fan, porque es moralmente inaceptable, pol\u00edticamente peligroso, ambientalmente insostenible y econ\u00f3micamente injustificable que &#8220;los pueblos en desarrollo sigan alimentando el desarrollo de los pa\u00edses m\u00e1s ricos al precio de su presente y de su futuro&#8221;.<\/p>\n<p style=\"text-align: justify;\">Ciudad del Vaticano, 17 de julio de 2015 (Vis).-<\/p>\n","protected":false},"excerpt":{"rendered":"<p>Justicia y Paz da voz al clamor de las comunidades afectadas por la miner\u00eda Esta ma\u00f1ana en la Oficina de Prensa de la Santa Sede el cardenal Peter Kodwo Appiah Turkson ha presentado la iniciativa del Pontificio Consejo Justicia y Paz, del que es presidente, ?Una jornada de reflexi\u00f3n ? Unidos a Dios escuchamos un &hellip; <a href=\"https:\/\/www.biblia.work\/sermones\/justicia-y-paz-da-voz-al-clamor-de-las-comunidades-afectadas-por-la-mineria\/\" class=\"more-link\">Continuar leyendo<span class=\"screen-reader-text\"> \u00abJusticia y Paz da voz al clamor de las comunidades afectadas por la miner\u00eda\u00bb<\/span><\/a><\/p>\n","protected":false},"author":1,"featured_media":0,"comment_status":"open","ping_status":"closed","sticky":false,"template":"","format":"standard","meta":{"footnotes":""},"categories":[1],"tags":[],"class_list":["post-37079","post","type-post","status-publish","format-standard","hentry","category-general"],"_links":{"self":[{"href":"https:\/\/www.biblia.work\/sermones\/wp-json\/wp\/v2\/posts\/37079","targetHints":{"allow":["GET"]}}],"collection":[{"href":"https:\/\/www.biblia.work\/sermones\/wp-json\/wp\/v2\/posts"}],"about":[{"href":"https:\/\/www.biblia.work\/sermones\/wp-json\/wp\/v2\/types\/post"}],"author":[{"embeddable":true,"href":"https:\/\/www.biblia.work\/sermones\/wp-json\/wp\/v2\/users\/1"}],"replies":[{"embeddable":true,"href":"https:\/\/www.biblia.work\/sermones\/wp-json\/wp\/v2\/comments?post=37079"}],"version-history":[{"count":0,"href":"https:\/\/www.biblia.work\/sermones\/wp-json\/wp\/v2\/posts\/37079\/revisions"}],"wp:attachment":[{"href":"https:\/\/www.biblia.work\/sermones\/wp-json\/wp\/v2\/media?parent=37079"}],"wp:term":[{"taxonomy":"category","embeddable":true,"href":"https:\/\/www.biblia.work\/sermones\/wp-json\/wp\/v2\/categories?post=37079"},{"taxonomy":"post_tag","embeddable":true,"href":"https:\/\/www.biblia.work\/sermones\/wp-json\/wp\/v2\/tags?post=37079"}],"curies":[{"name":"wp","href":"https:\/\/api.w.org\/{rel}","templated":true}]}}