{"id":37080,"date":"2016-06-21T11:02:36","date_gmt":"2016-06-21T16:02:36","guid":{"rendered":"http:\/\/www.biblia.work\/sermones\/el-cardenal-luis-antonio-tagle-envia-indicaciones-sobre-la-enciclica-laudato-si\/"},"modified":"2016-06-21T11:02:36","modified_gmt":"2016-06-21T16:02:36","slug":"el-cardenal-luis-antonio-tagle-envia-indicaciones-sobre-la-enciclica-laudato-si","status":"publish","type":"post","link":"https:\/\/www.biblia.work\/sermones\/el-cardenal-luis-antonio-tagle-envia-indicaciones-sobre-la-enciclica-laudato-si\/","title":{"rendered":"El cardenal Luis Antonio Tagle env\u00eda indicaciones sobre la Enc\u00edclica Laudato Si"},"content":{"rendered":"<p style=\"text-align: justify;\"><strong>El cardenal Luis Antonio Tagle env\u00eda indicaciones sobre la Enc\u00edclica Laudato Si<\/strong><\/p>\n<p style=\"text-align: justify;\">(RV).- El nuevo presidente de Caritas Internationalis, el cardenal Luis Antonio Tagle envi\u00f3 a las Caritas del mundo una carta sobre la nueva Enc\u00edclica del Papa Francisco Laudato Si.<\/p>\n<p style=\"text-align: justify;\">\u00a0En su misiva, el cardenal Tagle recuerda que el pasado mes de junio el Obispo de Roma invit\u00f3 a emprender \u201cuna misi\u00f3n para salvar el planeta\u201d ya que \u201cnuestra relaci\u00f3n con Dios\u201d hace que seamos una \u201csola familia humana\u201d y para ello, el Papa anim\u00f3 a \u201cexpulsar la basura de nuestras vidas\u201d y quitarla de la de todos los dem\u00e1s de modo que podamos vivir como una sola familia humana con dignidad y en unidad.<\/p>\n<p style=\"text-align: justify;\">\n<p style=\"text-align: justify;\">Asimismo, explica que en la Enc\u00edclica Laudato Si\u2019 el Santo Padre establece el camino para una \u201cconversi\u00f3n ecol\u00f3gica\u201d mundial y por eso, el cardenal Tagle lanza este llamamiento a toda la familia de C\u00e1ritas para invitarlos a recibir en sus corazones la visi\u00f3n estrat\u00e9gica de C\u00e1ritas: \u201cUna sola familia humana cuidando de la creaci\u00f3n\u201d.<\/p>\n<p style=\"text-align: justify;\">\n<p style=\"text-align: justify;\">Esto requiere de un proceso de comunicaci\u00f3n universal y de verdadera escucha, un examen de conciencia global, un reconocimiento mundial de los fallos y las culpas y la resoluci\u00f3n a nivel global de reparar el da\u00f1o ya causado.<\/p>\n<p style=\"text-align: justify;\">\u201cTenemos que recuperar la visi\u00f3n de don y gracia dentro de la cual cada criatura puede encontrar su lugar. Tenemos que ser conscientes de que en la vocaci\u00f3n humana de vivir con la familia de la creaci\u00f3n debemos actuar como guardianes de esta y no como propietarios. Esto requiere que seamos activos, determinados y creativos pero nunca dominantes y abusadores\u201d, recalca el purpurado.<\/p>\n<p style=\"text-align: justify;\">\n<p style=\"text-align: justify;\">Por este motivo, el cardenal Tagle asegur\u00f3 que como C\u00e1ritas y como miembros de la familia humana, \u201ctodos tenemos un papel que desempe\u00f1ar en esta revoluci\u00f3n ecol\u00f3gica a la que nos ha invitado el Papa Francisco\u201d y a\u00f1adi\u00f3 que \u201cdebemos reforzar los v\u00ednculos entre nuestras organizaciones para que podamos trabajar mejor juntos\u201d para aunar recursos, compartir informaci\u00f3n y apoyarse unos a otros y as\u00ed \u201cdemostrar que s\u00ed es posible que las personas de buena voluntad restauren juntas la esperanza\u201d.<\/p>\n<p style=\"text-align: justify;\">\n<p style=\"text-align: justify;\">Adem\u00e1s, el presidente de Caritas Internationalis agradece al Papa Francisco \u201cpor reunir todas estas voces en un \u201ccoro\u201d de alabanzas, clamores y llamamientos\u201d y considera que \u201clos l\u00edderes de la Iglesia, en particular los obispos de C\u00e1ritas, tienen un importante papel que desempe\u00f1ar para asegurar que las personas hagan suyo el mensaje de la Enc\u00edclica del Papa Francisco, apremiando a una espiritualidad cristiana de integridad ecol\u00f3gica. Dicha espiritualidad incluye la recuperaci\u00f3n de una postura contemplativa que vea y aprecie la belleza de la creaci\u00f3n\u201d, concluy\u00f3.<\/p>\n<p align=\"justify\">Por \u00faltimo, el cardenal Luis Antonio Tagle destaca que es necesario \u201cdefinir una espiritualidad que invite a pol\u00edticos, empresarios, artistas, educadores, cient\u00edficos y constructores a trabajar por el bien com\u00fan, respetando la dignidad de todas y cada una de las personas, especialmente de los pobres y m\u00e1s vulnerables\u201d.<\/p>\n<p align=\"justify\">Para Radio Vaticano, MTC.<\/p>\n<p align=\"justify\">Foto de archivo &#8211; El cardenal Tagle durante asamblea general de Caritas &#8211; RV<\/p>\n","protected":false},"excerpt":{"rendered":"<p>El cardenal Luis Antonio Tagle env\u00eda indicaciones sobre la Enc\u00edclica Laudato Si (RV).- El nuevo presidente de Caritas Internationalis, el cardenal Luis Antonio Tagle envi\u00f3 a las Caritas del mundo una carta sobre la nueva Enc\u00edclica del Papa Francisco Laudato Si. \u00a0En su misiva, el cardenal Tagle recuerda que el pasado mes de junio el &hellip; <a href=\"https:\/\/www.biblia.work\/sermones\/el-cardenal-luis-antonio-tagle-envia-indicaciones-sobre-la-enciclica-laudato-si\/\" class=\"more-link\">Continuar leyendo<span class=\"screen-reader-text\"> \u00abEl cardenal Luis Antonio Tagle env\u00eda indicaciones sobre la Enc\u00edclica Laudato Si\u00bb<\/span><\/a><\/p>\n","protected":false},"author":1,"featured_media":0,"comment_status":"open","ping_status":"closed","sticky":false,"template":"","format":"standard","meta":{"footnotes":""},"categories":[1],"tags":[],"class_list":["post-37080","post","type-post","status-publish","format-standard","hentry","category-general"],"_links":{"self":[{"href":"https:\/\/www.biblia.work\/sermones\/wp-json\/wp\/v2\/posts\/37080","targetHints":{"allow":["GET"]}}],"collection":[{"href":"https:\/\/www.biblia.work\/sermones\/wp-json\/wp\/v2\/posts"}],"about":[{"href":"https:\/\/www.biblia.work\/sermones\/wp-json\/wp\/v2\/types\/post"}],"author":[{"embeddable":true,"href":"https:\/\/www.biblia.work\/sermones\/wp-json\/wp\/v2\/users\/1"}],"replies":[{"embeddable":true,"href":"https:\/\/www.biblia.work\/sermones\/wp-json\/wp\/v2\/comments?post=37080"}],"version-history":[{"count":0,"href":"https:\/\/www.biblia.work\/sermones\/wp-json\/wp\/v2\/posts\/37080\/revisions"}],"wp:attachment":[{"href":"https:\/\/www.biblia.work\/sermones\/wp-json\/wp\/v2\/media?parent=37080"}],"wp:term":[{"taxonomy":"category","embeddable":true,"href":"https:\/\/www.biblia.work\/sermones\/wp-json\/wp\/v2\/categories?post=37080"},{"taxonomy":"post_tag","embeddable":true,"href":"https:\/\/www.biblia.work\/sermones\/wp-json\/wp\/v2\/tags?post=37080"}],"curies":[{"name":"wp","href":"https:\/\/api.w.org\/{rel}","templated":true}]}}