{"id":37082,"date":"2016-06-21T11:02:44","date_gmt":"2016-06-21T16:02:44","guid":{"rendered":"http:\/\/www.biblia.work\/sermones\/presentacion-del-balance-financiero-consolidado-de-la-santa-sede\/"},"modified":"2016-06-21T11:02:44","modified_gmt":"2016-06-21T16:02:44","slug":"presentacion-del-balance-financiero-consolidado-de-la-santa-sede","status":"publish","type":"post","link":"https:\/\/www.biblia.work\/sermones\/presentacion-del-balance-financiero-consolidado-de-la-santa-sede\/","title":{"rendered":"Presentaci\u00f3n del balance financiero consolidado de la Santa Sede"},"content":{"rendered":"<p><b>Balance financiero consolidado de la Santa Sede y balance de la Gobernaci\u00f3n del Estado de la Ciudad del Vaticano<\/b><\/p>\n<p>Durante la \u00faltima reuni\u00f3n del Consejo de Econom\u00eda el pasado 14 de julio, el cardenal <strong>George Pell<\/strong> y el personal de la Secretar\u00eda de Econom\u00eda <strong>presentaron el balance financiero consolidado de la Santa Sede y el balance de la Gobernaci\u00f3n<\/strong>. Ambos han sido preparadas por la Prefectura para los Asuntos Econ\u00f3micos, y examinados y verificados por la Secretar\u00eda, el Comit\u00e9 de Auditor\u00eda y el auditor externo.<\/p>\n<p align=\"justify\">\n<p>Se observ\u00f3 que 2014 fue un a\u00f1o de transici\u00f3n hacia las nuevas pol\u00edticas de Administraci\u00f3n Financiera basadas en los Est\u00e1ndares Internacionales de Contabilidad del Sector P\u00fablico (IPSAS). Los balances del 2014 se prepararon sobre la base de las est\u00e1ndares de contabilidad precedentes y del per\u00edmetro de consolidaci\u00f3n anterior (que incluye 64 entes de la Santa Sede). De todas formas, se solicit\u00f3 a los responsables que incluyesen todos los activos y pasivos y que dieran garant\u00edas adecuadas de integridad y exactitud. En el contexto de la labor realizada por el auditor externo, se solicit\u00f3 la confirmaci\u00f3n de saldos a terceros, de acuerdo con la pr\u00e1ctica habitual de revisi\u00f3n, de manera que todas las cantidades pudieran verificarse independientemente. Para incluir todos los activos y pasivos en los balances de fin de a\u00f1o y prepararse para las nuevas pol\u00edticas, era necesario efectuar una serie de registros contables, que dif\u00edcultan la comparaci\u00f3n directa con los datos de 2013. Donde ha sido necesario, los datos principales de comparaci\u00f3n han sido facilitados al Consejo.<\/p>\n<p>El camino de la transici\u00f3n a las nuevas pol\u00edticas prosigue satisfactoriamente y la Secretar\u00eda ha constatado que el inter\u00e9s y la cooperaci\u00f3n de los diferentes entes son muy positivos. Los balances de 2014 son el resultado de una enorme cantidad de trabajo del personal de muchos organismos de la Santa Sede, en particular, de la Prefectura para los Asuntos Econ\u00f3micos y de la Secretar\u00eda de Econom\u00eda, y los miembros del Consejo expresan su gratitud sea por la labor rigurosa y profesional, como por el esfuerzo en la implementaci\u00f3n de las reformas financieras aprobadas por el Santo Padre.<br \/>\nEl balance de la Santa Sede en 2014 indica un d\u00e9ficit de 25.621.000 euros muy cerca del d\u00e9ficit de 24.471.000 euros registrado en 2013. Si se aplica tambi\u00e9n a los resultados de 2013 el mismo tratamiento contable utilizado para 2014, el d\u00e9ficit en 2013 habr\u00eda sido de 37.209.000 euros, por lo tanto con una mejora en 2014 en gran parte debido a las buenas inversiones de la Santa Sede. Las entradas principales de 2014, adem\u00e1s de las inversiones, incluyen las contribuciones efectuadas seg\u00fan el canon 1271 del C\u00f3digo de Derecho Can\u00f3nico (21 millones de euros ) y la contribuci\u00f3n del Instituto para las Obras de Religi\u00f3n (50 millones de euros).<br \/>\nEl patrimonio neto se increment\u00f3 en 939 millones de euros , como resultado de los ajustes realizados para incluir todos los activos y pasivos en el cierre financiero del 2014. Para las entidades comprendidas en el per\u00edmetro de consolidaci\u00f3n, los activos administrados previamente fuera del balance ascend\u00edan a 1.114 millones de euros, mientras los pasivos eran 222 millones de euros. La situaci\u00f3n financiera del Fondo de Pensiones no se refleja en el balance, pero en el mismo se afirma que se solicitar\u00e1 al nuevo Consejo del Fondo de Pensiones una actualizaci\u00f3n de la situaci\u00f3n.<br \/>\nComo en a\u00f1os anteriores, el gasto m\u00e1s significativo incluido en el balance de la Santa Sede es el costo de personal (126,6 millones de euros), con 2.880 empleados en los 64 entes incluidos en el per\u00edmetro de consolidaci\u00f3n.<\/p>\n<p>El Balance 2014 de la Gobernaci\u00f3n registr\u00f3 un super\u00e1vit de 63. 519. 000 euros, una mejora significativa en comparaci\u00f3n con 2013 (33.042.000 euros), debido principalmente a los importantes ingresos recurrentes derivados de las actividades culturales (especialmente los Museos) y a las buenas inversiones. El patrimonio neto se increment\u00f3 en 63,5 millones de euros y no fue necesario realizar ning\u00fan ajuste en los activos o pasivos en el balance de cierre de 2014. El Balance indica que la plantilla total de la Gobernaci\u00f3n asciende a 1.930 unidades.<\/p>\n<p>Tras la reuni\u00f3n del Consejo para la Econom\u00eda, la Secretar\u00eda de Econom\u00eda fue informada de que el auditor externo confirm\u00f3 la publicaci\u00f3n de un informe de auditor\u00eda favorable (clear audit certificate) para el balance de la Santa Sede y de la Gobernaci\u00f3n.<\/p>\n<p>Asimismo, se present\u00f3 al Consejo una actualizaci\u00f3n sobre los presupuestos para 2015. Los presupuestos se han preparado de acuerdo con las nuevas pol\u00edticas de administraci\u00f3n financiera, aprobadas el a\u00f1o pasado por el Santo Padre. A finales de mayo el Consejo recibi\u00f3 una propuesta detallada de presupuestos redactada por la Secretar\u00eda. La propuesta pone de relieve las actividades planificadas, as\u00ed como la previsi\u00f3n de ingresos y gastos para 2015 e incluye recomendaciones espec\u00edficas para cada uno de los 136 entes que figuran en la lista, tal como fue aprobado por el Santo Padre, que est\u00e1n sujetos al control y la supervisi\u00f3n del Consejo y de la Secretar\u00eda. Los presupuestos indican que es probable que los d\u00e9ficits registrados en los \u00faltimos a\u00f1os continuen tambi\u00e9n en 2015.<br \/>\nLos progresos en la implementaci\u00f3n de las reformas exigidas por el Santo Padre proceden con rapidez, aunque la transici\u00f3n completa a las IPSAS probablemente tomar\u00e1 algunos a\u00f1os. Los presupuestos de 2015 y los balances del mismo a\u00f1o constituyen un primer paso importante. A partir de 2015, el balance financiero consolidado de la Santa Sede incluir\u00e1 las nuevas pr\u00e1cticas y los nuevos entes, como requieren las nuevas pol\u00edticas de administraci\u00f3n financiera y los est\u00e1ndares IPSAS.<\/p>\n<p>Ciudad del Vaticano, 16 de julio de 2015 (Vis).-<\/p>\n<p align=\"justify\">&nbsp;<\/p>\n","protected":false},"excerpt":{"rendered":"<p>Balance financiero consolidado de la Santa Sede y balance de la Gobernaci\u00f3n del Estado de la Ciudad del Vaticano Durante la \u00faltima reuni\u00f3n del Consejo de Econom\u00eda el pasado 14 de julio, el cardenal George Pell y el personal de la Secretar\u00eda de Econom\u00eda presentaron el balance financiero consolidado de la Santa Sede y el &hellip; <a href=\"https:\/\/www.biblia.work\/sermones\/presentacion-del-balance-financiero-consolidado-de-la-santa-sede\/\" class=\"more-link\">Continuar leyendo<span class=\"screen-reader-text\"> \u00abPresentaci\u00f3n del balance financiero consolidado de la Santa Sede\u00bb<\/span><\/a><\/p>\n","protected":false},"author":1,"featured_media":0,"comment_status":"open","ping_status":"closed","sticky":false,"template":"","format":"standard","meta":{"footnotes":""},"categories":[1],"tags":[],"class_list":["post-37082","post","type-post","status-publish","format-standard","hentry","category-general"],"_links":{"self":[{"href":"https:\/\/www.biblia.work\/sermones\/wp-json\/wp\/v2\/posts\/37082","targetHints":{"allow":["GET"]}}],"collection":[{"href":"https:\/\/www.biblia.work\/sermones\/wp-json\/wp\/v2\/posts"}],"about":[{"href":"https:\/\/www.biblia.work\/sermones\/wp-json\/wp\/v2\/types\/post"}],"author":[{"embeddable":true,"href":"https:\/\/www.biblia.work\/sermones\/wp-json\/wp\/v2\/users\/1"}],"replies":[{"embeddable":true,"href":"https:\/\/www.biblia.work\/sermones\/wp-json\/wp\/v2\/comments?post=37082"}],"version-history":[{"count":0,"href":"https:\/\/www.biblia.work\/sermones\/wp-json\/wp\/v2\/posts\/37082\/revisions"}],"wp:attachment":[{"href":"https:\/\/www.biblia.work\/sermones\/wp-json\/wp\/v2\/media?parent=37082"}],"wp:term":[{"taxonomy":"category","embeddable":true,"href":"https:\/\/www.biblia.work\/sermones\/wp-json\/wp\/v2\/categories?post=37082"},{"taxonomy":"post_tag","embeddable":true,"href":"https:\/\/www.biblia.work\/sermones\/wp-json\/wp\/v2\/tags?post=37082"}],"curies":[{"name":"wp","href":"https:\/\/api.w.org\/{rel}","templated":true}]}}