{"id":37096,"date":"2016-06-21T11:03:56","date_gmt":"2016-06-21T16:03:56","guid":{"rendered":"http:\/\/www.biblia.work\/sermones\/arzobispo-tomasi-el-terrorismo-es-la-antitesis-de-los-valores-y-compromisos-de-la-coexistencia-pacifica-nacional-e-internacional\/"},"modified":"2016-06-21T11:03:56","modified_gmt":"2016-06-21T16:03:56","slug":"arzobispo-tomasi-el-terrorismo-es-la-antitesis-de-los-valores-y-compromisos-de-la-coexistencia-pacifica-nacional-e-internacional","status":"publish","type":"post","link":"https:\/\/www.biblia.work\/sermones\/arzobispo-tomasi-el-terrorismo-es-la-antitesis-de-los-valores-y-compromisos-de-la-coexistencia-pacifica-nacional-e-internacional\/","title":{"rendered":"Arzobispo Tomasi: &#8220;El terrorismo es la ant\u00edtesis de los valores y compromisos de la coexistencia pac\u00edfica nacional e internacional&#8221;"},"content":{"rendered":"<p style=\"text-align: justify;\"><strong>Arzobispo Tomasi: &#8220;El terrorismo es la ant\u00edtesis de los valores y compromisos de la coexistencia pac\u00edfica nacional e internacional&#8221;<\/strong><\/p>\n<p style=\"text-align: justify;\">El arzobispo <strong>Silvano M. Tomasi<\/strong>, Observador Permanente de la Santa Sede ante las Naciones Unidas y otros organismos internacionales con sede en Ginebra intervino ayer, 30 de junio, en la XXIX Sesi\u00f3n del Consejo de Derechos Humanos, durante el Panel sobre los efectos del terrorismo y el disfrute de todas las personas de los derechos humanos y las libertades fundamentales.<\/p>\n<p style=\"text-align: justify;\">&#8221;La Delegaci\u00f3n de la Santa Sede -dijo el nuncio ? quisiera denunciar especialmente los actos terroristas perpetrados en nombre de la religi\u00f3n&#8230; El terrorismo es un medio pol\u00edtico para influir en el comportamiento y alcanzar objetivos a trav\u00e9s del miedo. Los actos de terrorismo causan la destrucci\u00f3n de los derechos humanos, de las libertades pol\u00edticas y del estado de derecho. El terrorismo es la ant\u00edtesis de los valores y compromisos compartidos que sirven de base para la coexistencia pac\u00edfica a nivel nacional e internacional. De hecho, con la proliferaci\u00f3n del terrorismo y la impunidad de que gozan sus autores, podemos decir que tambi\u00e9n hay una &#8220;globalizaci\u00f3n del terrorismo&#8221; &#8230;Una situaci\u00f3n as\u00ed, requiere la voluntad pol\u00edtica de los principales actores para abordar y resolver el problema del terrorismo global y sus efectos desastrosos&#8221;.<\/p>\n<p style=\"text-align: justify;\">&#8221;La Santa Sede est\u00e1 profundamente convencida de que el terrorismo, en especial aquellas formas que se derivan de extremismo religioso, debe afrontarse con el esfuerzo pol\u00edtico concertado de todas las partes, especialmente de todos los partidos locales y regionales interesados, as\u00ed como por los principales actores internacionales, cuyo papel es indispensable en la negociaci\u00f3n y la b\u00fasqueda de una soluci\u00f3n viable, diplom\u00e1tica o de otra tipo , para proteger la vida y la estabilidad futura de las regiones afectadas por el terrorismo. La respuesta al terrorismo no puede ser simplemente por medio de la acci\u00f3n militar. La participaci\u00f3n pol\u00edtica, sistemas jur\u00eddicos justos y la eliminaci\u00f3n de todas las formas de apoyo p\u00fablico y privado para el terrorismo son los medios no s\u00f3lo para responder, sino tambi\u00e9n para prevenir el terrorismo. Tambi\u00e9n es importante recordar la obligaci\u00f3n positiva que los Estados tienen de tomar decisiones con el fin de proteger a sus ciudadanos y, cuando ello no sea posible, de colaborar con otras autoridades regionales con el fin de hacer frente a las amenazas planteadas por los grupos terroristas&#8221;, finaliz\u00f3 el prelado.<\/p>\n<p style=\"text-align: justify;\">\u00a0Ciudad del Vaticano, 1 julio de 2015 (Vis).-<\/p>\n","protected":false},"excerpt":{"rendered":"<p>Arzobispo Tomasi: &#8220;El terrorismo es la ant\u00edtesis de los valores y compromisos de la coexistencia pac\u00edfica nacional e internacional&#8221; El arzobispo Silvano M. Tomasi, Observador Permanente de la Santa Sede ante las Naciones Unidas y otros organismos internacionales con sede en Ginebra intervino ayer, 30 de junio, en la XXIX Sesi\u00f3n del Consejo de Derechos &hellip; <a href=\"https:\/\/www.biblia.work\/sermones\/arzobispo-tomasi-el-terrorismo-es-la-antitesis-de-los-valores-y-compromisos-de-la-coexistencia-pacifica-nacional-e-internacional\/\" class=\"more-link\">Continuar leyendo<span class=\"screen-reader-text\"> \u00abArzobispo Tomasi: &#8220;El terrorismo es la ant\u00edtesis de los valores y compromisos de la coexistencia pac\u00edfica nacional e internacional&#8221;\u00bb<\/span><\/a><\/p>\n","protected":false},"author":1,"featured_media":0,"comment_status":"open","ping_status":"closed","sticky":false,"template":"","format":"standard","meta":{"footnotes":""},"categories":[1],"tags":[],"class_list":["post-37096","post","type-post","status-publish","format-standard","hentry","category-general"],"_links":{"self":[{"href":"https:\/\/www.biblia.work\/sermones\/wp-json\/wp\/v2\/posts\/37096","targetHints":{"allow":["GET"]}}],"collection":[{"href":"https:\/\/www.biblia.work\/sermones\/wp-json\/wp\/v2\/posts"}],"about":[{"href":"https:\/\/www.biblia.work\/sermones\/wp-json\/wp\/v2\/types\/post"}],"author":[{"embeddable":true,"href":"https:\/\/www.biblia.work\/sermones\/wp-json\/wp\/v2\/users\/1"}],"replies":[{"embeddable":true,"href":"https:\/\/www.biblia.work\/sermones\/wp-json\/wp\/v2\/comments?post=37096"}],"version-history":[{"count":0,"href":"https:\/\/www.biblia.work\/sermones\/wp-json\/wp\/v2\/posts\/37096\/revisions"}],"wp:attachment":[{"href":"https:\/\/www.biblia.work\/sermones\/wp-json\/wp\/v2\/media?parent=37096"}],"wp:term":[{"taxonomy":"category","embeddable":true,"href":"https:\/\/www.biblia.work\/sermones\/wp-json\/wp\/v2\/categories?post=37096"},{"taxonomy":"post_tag","embeddable":true,"href":"https:\/\/www.biblia.work\/sermones\/wp-json\/wp\/v2\/tags?post=37096"}],"curies":[{"name":"wp","href":"https:\/\/api.w.org\/{rel}","templated":true}]}}