{"id":37683,"date":"2016-06-21T14:53:16","date_gmt":"2016-06-21T19:53:16","guid":{"rendered":"http:\/\/www.biblia.work\/sermones\/homilia-del-papa-francisco-en-la-ordenacion-de-13-sacerdotes\/"},"modified":"2016-06-21T14:53:16","modified_gmt":"2016-06-21T19:53:16","slug":"homilia-del-papa-francisco-en-la-ordenacion-de-13-sacerdotes","status":"publish","type":"post","link":"https:\/\/www.biblia.work\/sermones\/homilia-del-papa-francisco-en-la-ordenacion-de-13-sacerdotes\/","title":{"rendered":"Homil\u00eda del Papa Francisco en la ordenaci\u00f3n de 13 sacerdotes"},"content":{"rendered":"<p align=\"justify\">Homil\u00eda del Papa Francisco en la ordenaci\u00f3n de 13 sacerdotes<\/p>\n<p align=\"justify\">El Papa Francisco presidi\u00f3 la ma\u00f1ana de este domingo la Santa Misa en la bas\u00edlica de san Pedro con la ordenaci\u00f3n presbiteral de 13 di\u00e1conos, a quienes pidi\u00f3 que no se cansen nunca de ser misericordiosos.Despu\u00e9s de la presentaci\u00f3n de los orden\u00e1ndoos el Papa reflexion\u00f3 sobre la importancia del sacramento presbiteral y les record\u00f3 que si cierran &#8220;las puertas de la Iglesia&#8221;, no ser\u00e1n buenos &#8220;pastores&#8221;.<\/p>\n<p align=\"justify\"> Les pidi\u00f3 que se empe\u00f1aran en &#8220;unir a los fieles en una \u00fanica familia y que tengan siempre delante la figura del Buen Pastor&#8221;.<\/p>\n<p align=\"justify\">Durante la homil\u00eda reconoci\u00f3 que le duele mucho ver &#8220;que las personas no van a confesarse porque han sido tratadas mal por el sacerdote, porque les han rega\u00f1ado o porque han visto que las puertas de la Iglesia se les cerraban en la cara&#8221;. Por eso ha insistido a los di\u00e1conos en que tengan &#8220;tanta misericordia&#8221;.Una vez terminada la homil\u00eda, el Papa pregunt\u00f3 uno a uno si quer\u00edan tomar el sacramento sacerdotal. Despu\u00e9s de las letan\u00edas, el Santo Padre impuso las manos sobre la cabeza de cada elegido, y continuando con el rito, los ordenandos, ayudados por otros presb\u00edteros, se pusieron la estola sacerdotal y la casulla. Luego el Papa les ungi\u00f3 con el sagrado crisma las palmas de las manos, y tambi\u00e9n entreg\u00f3 a cada uno el pan sobre la patena y el c\u00e1liz con el vino preparados para la celebraci\u00f3n de la misa. Finalmente abraz\u00f3 a todos los reci\u00e9n ordenados. Escuchemos seguidamente la homil\u00eda completa del Papa.<strong>Homil\u00eda completa del Santo Padre Francisco<\/strong><\/p>\n<p align=\"justify\">Queridos hermanos, estos nuestros hijos y hermanos han sido llamados la orden del presbiterado. Como ustedes saben bien, el Se\u00f1or Jes\u00fas es el \u00fanico Sumo Sacerdote del Nuevo Testamento, pero tambi\u00e9n en \u00c9l todo el pueblo santo de Dios ha sido establecido pueblo sacerdotal.<\/p>\n<p align=\"justify\">No menos importante entre todos sus disc\u00edpulos, el Se\u00f1or Jes\u00fas quiere escoger algunos en particular, para que ejercitando p\u00fablicamente en la iglesia su nombre y el oficio sacerdotal en favor de todos los hombres para contin\u00faen su misi\u00f3n personal de Maestro, Sacerdote y Pastor. Despu\u00e9s de una profunda reflexi\u00f3n vamos a elevar al Orden de los Presb\u00edteros a nuestros hermanos, para que al servicio de Cristo, Sacerdote y Pastor, cooperen en la edificaci\u00f3n del Cuerpo de Cristo, que es la Iglesia de Cristo: el pueblo de Dios es el templo santo en el Esp\u00edritu. Ellos, de hecho, ser\u00e1n configurados a Cristo, Sumo y Eterno Sacerdote, es decir, ser\u00e1n consagrados como verdaderos sacerdotes del Nuevo Testamento. Y con este t\u00edtulo que les une a su obispo en el sacerdocio, ser\u00e1n predicadores del Evangelio, pastores del pueblo de Dios y presidir\u00e1n los actos de culto, sobre todo la celebraci\u00f3n del sacrificio del Se\u00f1or.<\/p>\n<p align=\"justify\">En cuanto a ustedes, amados hijos, que van a ser promovidos al orden sacerdotal, consideren que por el ejercicio del ministerio de la sagrada doctrina van a ser part\u00edcipes de la misi\u00f3n de Cristo, el \u00fanico Maestro.Dispensar\u00e1n a todos aquella palabra de Dios, que ustedes mismos han recibido con alegr\u00eda, de sus madres, de sus catequistas. Lean y mediten asiduamente la Palabra del Se\u00f1or para creer lo que han le\u00eddo, para ense\u00f1ar lo que ha aprendido en la fe, para vivir lo que han ense\u00f1ado. \u00a1Sea, por lo tanto, alimento para el pueblo de Dios su doctrina, que no es suya y ustedes no son due\u00f1os de la doctrina! Es la doctrina del Se\u00f1or y ustedes han de ser fieles a la doctrina del Se\u00f1or! Sea, por lo tanto, alimento para el pueblo de Dios su doctrina. La alegr\u00eda y el apoyo a los fieles de Cristo, el perfume de sus vidas, porque con la palabra y el ejemplo edificar\u00e1n la casa de Dios, que es la Iglesia. Y as\u00ed ustedes van a continuar la obra santificadora de Cristo. A trav\u00e9s de su ministerio, el sacrificio espiritual de los fieles se hace perfecto, porque unido al sacrificio de Cristo, con sus manos, en nombre de toda la Iglesia, se ofrece en el altar de la celebraci\u00f3n de los santos misterios. Reconozcan, pues, lo que realicen, imiten lo que celebran, porque participando al misterio de la muerte y resurrecci\u00f3n del Se\u00f1or, llevar\u00e1n la muerte de Cristo en sus miembros y caminar\u00e1n con \u00c9l en una vida nueva.<\/p>\n<p align=\"justify\">Con el Bautismo agregar\u00e1n nuevos fieles al pueblo de Dios; con el Sacramento de la Penitencia perdonar\u00e1n los pecados en nombre de Cristo y de la Iglesia. Y aqu\u00ed me quiero detener y pedirles que, por el amor de Jesucristo, no se cansen nunca de ser misericordiosos. Por favor, tengan esa capacidad de perd\u00f3n que tuvo el Se\u00f1or, que \u00a1no vino a condenar sino para perdonar! Tengan misericordia, tanta misericordia! Y si les viene el escr\u00fapulo de ser demasiado \u201cperdonadores\u201d piensen en el santo cura del que les habl\u00e9 que iba delante del Sant\u00edsimo y dec\u00eda: \u201cSe\u00f1or, perd\u00f3name si he perdonado demasiado, pero eres t\u00fa el que me ha dado el mal ejemplo de perdonar tanto\u201d. Es as\u00ed\u2026Pero yo les digo verdaderamente, que siento tanto dolor cuando encuentro gente que no va a confesarse porque ha sido maltratada, muy mal, rega\u00f1ada; \u00a1han visto como les cerraban las puertas de la Iglesia en la cara! Por favor no hagan esto: misericordia, misericordia. <\/p>\n<p align=\"justify\">El buen pastor entra por la puerta y la puerta de la misericordia son las llagas del Se\u00f1or: si ustedes no entran en su ministerio por las llagas del Se\u00f1or, ustedes no ser\u00e1n buenos pastores.Con el \u00f3leo santo dar\u00e1n alivio a los enfermos; celebrando los ritos sagrados y rezando la liturgia de las horas, ser\u00e1n la voz del pueblo de Dios, y de toida la humanidad. Concientes de haber sido elegidos entre los hombres para atender las cosas de Dios, ejerciten con alegr\u00eda y caridad la obra sacerdotal de Cristo, buscando agradar a Dios y no a ustedes mismos.<\/p>\n<p align=\"justify\">Y piensen en lo que dec\u00eda San Agust\u00edn de los pastores que buscaban agradarse a s\u00ed mismos y usaban las ovejas del Se\u00f1or como alimento y para vestirse y para tener majestad de un ministerio que no se sab\u00eda si era de Dios.\u00a0Participando en la misi\u00f3n de Cristo en comuni\u00f3n con su obispo emp\u00e9\u00f1ense en formar una sola familia, para unir a los fieles para conducirles a Dios Padre, por medio de Cristo, en el Esp\u00edritu Santo.<\/p>\n<p align=\"justify\">Tengan siempre ante los ojos el ejemplo del Buen Pastor, que no ha venido para ser servido, sino para buscar y salvar a los que est\u00e1n perdidos.<\/p>\n<p align=\"justify\">\u00a0(Traducci\u00f3n de M\u00f3nica Zorita y Eduardo Rubi\u00f3)<\/p>\n<p align=\"justify\">Radio Vaticana<\/p>\n","protected":false},"excerpt":{"rendered":"<p>Homil\u00eda del Papa Francisco en la ordenaci\u00f3n de 13 sacerdotes El Papa Francisco presidi\u00f3 la ma\u00f1ana de este domingo la Santa Misa en la bas\u00edlica de san Pedro con la ordenaci\u00f3n presbiteral de 13 di\u00e1conos, a quienes pidi\u00f3 que no se cansen nunca de ser misericordiosos.Despu\u00e9s de la presentaci\u00f3n de los orden\u00e1ndoos el Papa reflexion\u00f3 &hellip; <a href=\"https:\/\/www.biblia.work\/sermones\/homilia-del-papa-francisco-en-la-ordenacion-de-13-sacerdotes\/\" class=\"more-link\">Continuar leyendo<span class=\"screen-reader-text\"> \u00abHomil\u00eda del Papa Francisco en la ordenaci\u00f3n de 13 sacerdotes\u00bb<\/span><\/a><\/p>\n","protected":false},"author":1,"featured_media":0,"comment_status":"open","ping_status":"closed","sticky":false,"template":"","format":"standard","meta":{"footnotes":""},"categories":[1],"tags":[],"class_list":["post-37683","post","type-post","status-publish","format-standard","hentry","category-general"],"_links":{"self":[{"href":"https:\/\/www.biblia.work\/sermones\/wp-json\/wp\/v2\/posts\/37683","targetHints":{"allow":["GET"]}}],"collection":[{"href":"https:\/\/www.biblia.work\/sermones\/wp-json\/wp\/v2\/posts"}],"about":[{"href":"https:\/\/www.biblia.work\/sermones\/wp-json\/wp\/v2\/types\/post"}],"author":[{"embeddable":true,"href":"https:\/\/www.biblia.work\/sermones\/wp-json\/wp\/v2\/users\/1"}],"replies":[{"embeddable":true,"href":"https:\/\/www.biblia.work\/sermones\/wp-json\/wp\/v2\/comments?post=37683"}],"version-history":[{"count":0,"href":"https:\/\/www.biblia.work\/sermones\/wp-json\/wp\/v2\/posts\/37683\/revisions"}],"wp:attachment":[{"href":"https:\/\/www.biblia.work\/sermones\/wp-json\/wp\/v2\/media?parent=37683"}],"wp:term":[{"taxonomy":"category","embeddable":true,"href":"https:\/\/www.biblia.work\/sermones\/wp-json\/wp\/v2\/categories?post=37683"},{"taxonomy":"post_tag","embeddable":true,"href":"https:\/\/www.biblia.work\/sermones\/wp-json\/wp\/v2\/tags?post=37683"}],"curies":[{"name":"wp","href":"https:\/\/api.w.org\/{rel}","templated":true}]}}