{"id":37685,"date":"2016-06-21T14:53:30","date_gmt":"2016-06-21T19:53:30","guid":{"rendered":"http:\/\/www.biblia.work\/sermones\/secuestro-de-ninas-en-nigeria-firme-condena-de-una-horrible-forma-de-violencia\/"},"modified":"2016-06-21T14:53:30","modified_gmt":"2016-06-21T19:53:30","slug":"secuestro-de-ninas-en-nigeria-firme-condena-de-una-horrible-forma-de-violencia","status":"publish","type":"post","link":"https:\/\/www.biblia.work\/sermones\/secuestro-de-ninas-en-nigeria-firme-condena-de-una-horrible-forma-de-violencia\/","title":{"rendered":"Secuestro de ni\u00f1as en Nigeria: firme condena de una horrible forma de violencia"},"content":{"rendered":"<p align=\"justify\">Secuestro de ni\u00f1as en Nigeria: firme condena de una horrible forma de violencia<\/p>\n<p align=\"justify\">El director de la Oficina de Prensa de la Santa Sede, <strong>Padre Federico Lombardi<\/strong> S.I., declar\u00f3 en la tarde del jueves 8 de mayo\u00a0a los periodistas que el <strong>secuestro en Nigeria de un gran n\u00famero de muchachas por parte de los terroristas de Boko Haram<\/strong>, es una acci\u00f3n que &#8221;se suma a las otras horribles formas de violencia que desde hace tiempo caracterizan la actividad de ese grupo&#8221;.<\/p>\n<p align=\"justify\">&#8221;La negaci\u00f3n de cualquier respeto por la vida y por la dignidad de las personas, tambi\u00e9n de las m\u00e1s inocentes, vulnerables e indefensas -prosigui\u00f3- requiere la m\u00e1s firme condena y suscita la compasi\u00f3n m\u00e1s profunda por las v\u00edctimas y el horror por los sufrimientos f\u00edsicos y espirituales y las humillaciones incre\u00edbles que les infligen. Nos unimos a los numerosos llamamientos para la liberaci\u00f3n y la restituci\u00f3n de esas j\u00f3venes a una condici\u00f3n normal de vida. Esperamos y rezamos para que Nigeria, gracias al esfuerzo de todos los que pueden contribuir, encuentre el camino para acabar con una situaci\u00f3n de conflicto y terrorismo odioso, fuente de incalculables dolores&#8221;.<\/p>\n<p align=\"justify\">Ciudad del Vaticano<\/p>\n","protected":false},"excerpt":{"rendered":"<p>Secuestro de ni\u00f1as en Nigeria: firme condena de una horrible forma de violencia El director de la Oficina de Prensa de la Santa Sede, Padre Federico Lombardi S.I., declar\u00f3 en la tarde del jueves 8 de mayo\u00a0a los periodistas que el secuestro en Nigeria de un gran n\u00famero de muchachas por parte de los terroristas &hellip; <a href=\"https:\/\/www.biblia.work\/sermones\/secuestro-de-ninas-en-nigeria-firme-condena-de-una-horrible-forma-de-violencia\/\" class=\"more-link\">Continuar leyendo<span class=\"screen-reader-text\"> \u00abSecuestro de ni\u00f1as en Nigeria: firme condena de una horrible forma de violencia\u00bb<\/span><\/a><\/p>\n","protected":false},"author":1,"featured_media":0,"comment_status":"open","ping_status":"closed","sticky":false,"template":"","format":"standard","meta":{"footnotes":""},"categories":[1],"tags":[],"class_list":["post-37685","post","type-post","status-publish","format-standard","hentry","category-general"],"_links":{"self":[{"href":"https:\/\/www.biblia.work\/sermones\/wp-json\/wp\/v2\/posts\/37685","targetHints":{"allow":["GET"]}}],"collection":[{"href":"https:\/\/www.biblia.work\/sermones\/wp-json\/wp\/v2\/posts"}],"about":[{"href":"https:\/\/www.biblia.work\/sermones\/wp-json\/wp\/v2\/types\/post"}],"author":[{"embeddable":true,"href":"https:\/\/www.biblia.work\/sermones\/wp-json\/wp\/v2\/users\/1"}],"replies":[{"embeddable":true,"href":"https:\/\/www.biblia.work\/sermones\/wp-json\/wp\/v2\/comments?post=37685"}],"version-history":[{"count":0,"href":"https:\/\/www.biblia.work\/sermones\/wp-json\/wp\/v2\/posts\/37685\/revisions"}],"wp:attachment":[{"href":"https:\/\/www.biblia.work\/sermones\/wp-json\/wp\/v2\/media?parent=37685"}],"wp:term":[{"taxonomy":"category","embeddable":true,"href":"https:\/\/www.biblia.work\/sermones\/wp-json\/wp\/v2\/categories?post=37685"},{"taxonomy":"post_tag","embeddable":true,"href":"https:\/\/www.biblia.work\/sermones\/wp-json\/wp\/v2\/tags?post=37685"}],"curies":[{"name":"wp","href":"https:\/\/api.w.org\/{rel}","templated":true}]}}