{"id":37697,"date":"2016-06-21T14:54:28","date_gmt":"2016-06-21T19:54:28","guid":{"rendered":"http:\/\/www.biblia.work\/sermones\/oracion-de-la-suplica-a-la-virgen-del-rosario-de-pompeya\/"},"modified":"2016-06-21T14:54:28","modified_gmt":"2016-06-21T19:54:28","slug":"oracion-de-la-suplica-a-la-virgen-del-rosario-de-pompeya","status":"publish","type":"post","link":"https:\/\/www.biblia.work\/sermones\/oracion-de-la-suplica-a-la-virgen-del-rosario-de-pompeya\/","title":{"rendered":"Oraci\u00f3n de la &#8221;S\u00faplica&#8221; a la Virgen del Rosario de Pompeya"},"content":{"rendered":"<p align=\"justify\">Al finalizar la audiencia general, en los saludos en las diferentes lenguas, el Papa ha saludado en alem\u00e1n a los familiares y amigos de los nuevos Guardias Suizos que ayer prestaron juramento y les ha recordado que &#8221;el Esp\u00edritu Santo expulsar\u00e1 el temor&#8221;. Francisco ha hablado tambi\u00e9n de la Jornada Mundial de la Juventud que se celebrar\u00e1 en Polonia en 2016. &#8221;Comenzamos el camino hacia el encuentro en Polonia -ha dicho- caminamos juntos, unidos en el amor y la oraci\u00f3n, continuando con la invitaci\u00f3n de San Juan Pablo II a ser siempre j\u00f3venes en el Esp\u00edritu Santo&#8221;.<\/p>\n<p align=\"justify\">En lengua italiana ha saludado a los voluntarios de la Cruz Roja que celebran 150 a\u00f1os de su fundaci\u00f3n, a las familias de los j\u00f3venes de la casa San Patrignano a los que ha confirmado su apoyo &#8221;contra cualquier tipo de droga&#8221; y al grupo de j\u00f3venes empresarios de la Ascom de Padua a los que ha animado en estos momentos de dificultad econ\u00f3mica que est\u00e1n atravesando.<\/p>\n<p align=\"justify\">Asimismo ha invitado a los peregrinos a visitar las tumbas de los ap\u00f3stoles para que &#8221;crezca en todos la alegr\u00eda pascual de la Resurrecci\u00f3n que se manifiesta tambi\u00e9n en determinadas obras de caridad&#8221;. Ma\u00f1ana jueves la Iglesia eleva la oraci\u00f3n de la &#8221;S\u00faplica&#8221; a la Virgen del Rosario de Pompeya en la que estar\u00e1 presente el cardenal Pietro Parolin, Secretario de Estado. Por eso el Papa, antes de finalizar, ha pedido a los fieles que invocasen la intercesi\u00f3n de Mar\u00eda &#8221;para que el Se\u00f1or conceda misericordia y paz a la Iglesia y a todo el mundo&#8221; y les ha exhortado a rezar el rosario, especialmente en mayo el mes tradicionalmente dedicado a la Virgen.<\/p>\n<p align=\"justify\">Ciudad del Vaticano, 7 mayo 2014 (VIS).-<\/p>\n","protected":false},"excerpt":{"rendered":"<p>Al finalizar la audiencia general, en los saludos en las diferentes lenguas, el Papa ha saludado en alem\u00e1n a los familiares y amigos de los nuevos Guardias Suizos que ayer prestaron juramento y les ha recordado que &#8221;el Esp\u00edritu Santo expulsar\u00e1 el temor&#8221;. Francisco ha hablado tambi\u00e9n de la Jornada Mundial de la Juventud que &hellip; <a href=\"https:\/\/www.biblia.work\/sermones\/oracion-de-la-suplica-a-la-virgen-del-rosario-de-pompeya\/\" class=\"more-link\">Continuar leyendo<span class=\"screen-reader-text\"> \u00abOraci\u00f3n de la &#8221;S\u00faplica&#8221; a la Virgen del Rosario de Pompeya\u00bb<\/span><\/a><\/p>\n","protected":false},"author":1,"featured_media":0,"comment_status":"open","ping_status":"closed","sticky":false,"template":"","format":"standard","meta":{"footnotes":""},"categories":[1],"tags":[],"class_list":["post-37697","post","type-post","status-publish","format-standard","hentry","category-general"],"_links":{"self":[{"href":"https:\/\/www.biblia.work\/sermones\/wp-json\/wp\/v2\/posts\/37697","targetHints":{"allow":["GET"]}}],"collection":[{"href":"https:\/\/www.biblia.work\/sermones\/wp-json\/wp\/v2\/posts"}],"about":[{"href":"https:\/\/www.biblia.work\/sermones\/wp-json\/wp\/v2\/types\/post"}],"author":[{"embeddable":true,"href":"https:\/\/www.biblia.work\/sermones\/wp-json\/wp\/v2\/users\/1"}],"replies":[{"embeddable":true,"href":"https:\/\/www.biblia.work\/sermones\/wp-json\/wp\/v2\/comments?post=37697"}],"version-history":[{"count":0,"href":"https:\/\/www.biblia.work\/sermones\/wp-json\/wp\/v2\/posts\/37697\/revisions"}],"wp:attachment":[{"href":"https:\/\/www.biblia.work\/sermones\/wp-json\/wp\/v2\/media?parent=37697"}],"wp:term":[{"taxonomy":"category","embeddable":true,"href":"https:\/\/www.biblia.work\/sermones\/wp-json\/wp\/v2\/categories?post=37697"},{"taxonomy":"post_tag","embeddable":true,"href":"https:\/\/www.biblia.work\/sermones\/wp-json\/wp\/v2\/tags?post=37697"}],"curies":[{"name":"wp","href":"https:\/\/api.w.org\/{rel}","templated":true}]}}