{"id":37698,"date":"2016-06-21T14:54:32","date_gmt":"2016-06-21T19:54:32","guid":{"rendered":"http:\/\/www.biblia.work\/sermones\/aprueban-un-milagro-para-la-beatificacion-de-pablo-vi\/"},"modified":"2016-06-21T14:54:32","modified_gmt":"2016-06-21T19:54:32","slug":"aprueban-un-milagro-para-la-beatificacion-de-pablo-vi","status":"publish","type":"post","link":"https:\/\/www.biblia.work\/sermones\/aprueban-un-milagro-para-la-beatificacion-de-pablo-vi\/","title":{"rendered":"Aprueban un milagro para la beatificaci\u00f3n de Pablo VI"},"content":{"rendered":"<p align=\"justify\">Aprueban un milagro para la beatificaci\u00f3n de Pablo VI<\/p>\n<p align=\"justify\">La Congregaci\u00f3n para las Causas de los Santos aprob\u00f3 la existencia de un milagro por intercesi\u00f3n del papa Pablo VI (1963-1978) en la curaci\u00f3n de un ni\u00f1o en el vientre materno, que servir\u00e1 para su beatificaci\u00f3n. <\/p>\n<p align=\"justify\">El caso milagroso se refiere a la &#8220;sanaci\u00f3n&#8221; de un beb\u00e9 en el vientre materno en 2001 en los Estados Unidos, propuesto por el postulador de este proceso, Antonio Marrazzo.<\/p>\n<p align=\"justify\">Se trata de la historia de una mujer que durante el embarazo descubri\u00f3 un grave problema cerebral del beb\u00e9 que esperaba, a quien los m\u00e9dicos aconsejaron como posible soluci\u00f3n el aborto, pero la joven se opuso y quiso concluir el embarazo encomend\u00e1ndose a la intercesi\u00f3n de Pablo VI.<\/p>\n<p align=\"justify\">Seg\u00fan dijo Marrazzo en 2012 a Radio Vaticano, &#8220;el ni\u00f1o naci\u00f3 sin problemas&#8221; y los m\u00e9dicos consideraron su nacimiento &#8220;un hecho verdaderamente extraordinario y sobrenatural&#8221;.<\/p>\n<p align=\"justify\">La elecci\u00f3n del milagro, continu\u00f3 el postulador, se decidi\u00f3 &#8220;en l\u00ednea con el magisterio del papa&#8221; que escribi\u00f3 la enc\u00edclica &#8220;Humanae vitae&#8221;, sobre la defensa de la vida.<\/p>\n<p align=\"justify\">El 20 de diciembre de 2012, Benedicto XVI firm\u00f3 el decreto de &#8220;virtudes heroicas&#8221; de Pablo VI con el que se lo declar\u00f3 &#8220;venerable&#8221; y continu\u00f3 el proceso para su beatificaci\u00f3n.<\/p>\n<p align=\"justify\">El prefecto de la Congregaci\u00f3n para las Causas de los Santos, cardenal Angelo Amato, deber\u00e1 ahora encontrarse con el papa Francisco para la promulgaci\u00f3n del decreto.<\/p>\n<p align=\"justify\">La fecha de la beatificaci\u00f3n a\u00fan es incierta. Hablar de \u201coctubre es una suposici\u00f3n, pero es posible, dijo Mar\u00eda Victoria Hern\u00e1ndez, miembro del Consejo de Postuladores de la Congregaci\u00f3n para las Causas de los Santos a Aleteia y agreg\u00f3 que \u201cquienes conocen al papa Francisco desde sus a\u00f1os en la Argentina como arzobispo y cardenal pueden confirmar la cercan\u00eda de Francisco a las ense\u00f1anzas de Pablo VI. Ahora, tambi\u00e9n nosotros podemos confirmarlo revisando su magisterio\u201d.<\/p>\n<p align=\"justify\">\u201cEl papa Francisco reclama la ense\u00f1anza de Pablo VI en sus documentos, y alocuciones. La Evangelii Gaudium (24 noviembre 2013) hace varias referencias a la Evangelli Nuntiandi (8 diciembre 1975). El entorno del papa Francisco confirma que tiene muy presente al papa Montini\u201d.<\/p>\n<p align=\"justify\">Lo que es cierto es que el milagro del \u201cSiervo de Dios\u201d Pablo VI \u201cfue reconocido por los m\u00e9dicos como un hecho cient\u00edficamente inexplicable y los te\u00f3logos certificaron que la invocaci\u00f3n y la gracia fue concedida\u201d asegur\u00f3 Hern\u00e1ndez.<\/p>\n<p align=\"justify\">Sin embargo, entra en las posibilidades de fechas para la beatificaci\u00f3n que se haga al final de octubre, coincidiendo con el S\u00ednodo extraordinario de los Obispos (5-19 de octubre). Se trata de una fecha importante debido a que el pr\u00f3ximo beato fue quien instituy\u00f3 ese organismo en la Iglesia.<\/p>\n<p align=\"justify\">Pablo VI, cuyo nombre de pila era Giovanni Battista Enrico Antonio Maria Montini, continu\u00f3 con el Concilio Vaticano II , la gran obra de modernizaci\u00f3n de la Iglesia lanzada por el pont\u00edfice anterior, Juan XXIII, quien fue santificado el pasado 27 de abril junto con Juan Pablo II.<\/p>\n<p align=\"justify\">El futuro beato fue el primer papa que visit\u00f3 los cinco continentes, al realizar diez viajes por el mundo.<\/p>\n<p align=\"justify\">Fuente: AICA<\/p>\n<p align=\"justify\">&nbsp;<\/p>\n","protected":false},"excerpt":{"rendered":"<p>Aprueban un milagro para la beatificaci\u00f3n de Pablo VI La Congregaci\u00f3n para las Causas de los Santos aprob\u00f3 la existencia de un milagro por intercesi\u00f3n del papa Pablo VI (1963-1978) en la curaci\u00f3n de un ni\u00f1o en el vientre materno, que servir\u00e1 para su beatificaci\u00f3n. El caso milagroso se refiere a la &#8220;sanaci\u00f3n&#8221; de un &hellip; <a href=\"https:\/\/www.biblia.work\/sermones\/aprueban-un-milagro-para-la-beatificacion-de-pablo-vi\/\" class=\"more-link\">Continuar leyendo<span class=\"screen-reader-text\"> \u00abAprueban un milagro para la beatificaci\u00f3n de Pablo VI\u00bb<\/span><\/a><\/p>\n","protected":false},"author":1,"featured_media":0,"comment_status":"open","ping_status":"closed","sticky":false,"template":"","format":"standard","meta":{"footnotes":""},"categories":[1],"tags":[],"class_list":["post-37698","post","type-post","status-publish","format-standard","hentry","category-general"],"_links":{"self":[{"href":"https:\/\/www.biblia.work\/sermones\/wp-json\/wp\/v2\/posts\/37698","targetHints":{"allow":["GET"]}}],"collection":[{"href":"https:\/\/www.biblia.work\/sermones\/wp-json\/wp\/v2\/posts"}],"about":[{"href":"https:\/\/www.biblia.work\/sermones\/wp-json\/wp\/v2\/types\/post"}],"author":[{"embeddable":true,"href":"https:\/\/www.biblia.work\/sermones\/wp-json\/wp\/v2\/users\/1"}],"replies":[{"embeddable":true,"href":"https:\/\/www.biblia.work\/sermones\/wp-json\/wp\/v2\/comments?post=37698"}],"version-history":[{"count":0,"href":"https:\/\/www.biblia.work\/sermones\/wp-json\/wp\/v2\/posts\/37698\/revisions"}],"wp:attachment":[{"href":"https:\/\/www.biblia.work\/sermones\/wp-json\/wp\/v2\/media?parent=37698"}],"wp:term":[{"taxonomy":"category","embeddable":true,"href":"https:\/\/www.biblia.work\/sermones\/wp-json\/wp\/v2\/categories?post=37698"},{"taxonomy":"post_tag","embeddable":true,"href":"https:\/\/www.biblia.work\/sermones\/wp-json\/wp\/v2\/tags?post=37698"}],"curies":[{"name":"wp","href":"https:\/\/api.w.org\/{rel}","templated":true}]}}