{"id":37700,"date":"2016-06-21T14:54:45","date_gmt":"2016-06-21T19:54:45","guid":{"rendered":"http:\/\/www.biblia.work\/sermones\/juramento-de-los-nuevos-reclutas-de-la-guardia-suiza\/"},"modified":"2016-06-21T14:54:45","modified_gmt":"2016-06-21T19:54:45","slug":"juramento-de-los-nuevos-reclutas-de-la-guardia-suiza","status":"publish","type":"post","link":"https:\/\/www.biblia.work\/sermones\/juramento-de-los-nuevos-reclutas-de-la-guardia-suiza\/","title":{"rendered":"Juramento de los nuevos reclutas de la Guardia Suiza"},"content":{"rendered":"<p align=\"justify\"><strong>\u00a0Juramento de la Guardia Suiza: m\u00e1s de 500 a\u00f1os de fidelidad al Papa<\/strong><\/p>\n<p align=\"justify\">A las 10.30 horas de esta ma\u00f1ana, ha tenido lugar el juramento de los nuevos reclutas de la Guardia Suiza, que como cada 6 de mayo, tiene lugar en el Patio de San D\u00e1maso. Ante cardenales, obispos, miembros de la curia, representantes de las delegaciones diplom\u00e1ticas ante la Santa Sede, del ejercito suizo, familiares y amigos, los 30 nuevos reclutas han ido uno a uno prestando juramento sobre la bandera del Cuerpo y luciendo el tradicional uniforme. &#8221;Se respira un aire de fiesta. El resonar de voces y m\u00fasica, los colores de los uniformes, de las banderas, y la presencia de tantos invitados demuestra que estamos viviendo un momento importante&#8221; -ha dicho el arzobispo Giovanni Angelo Becciu, Substituto de la Secretar\u00eda de Estado, en su discurso representando al Santo Padre.<\/p>\n<p align=\"justify\">&#8221;Han pasado 508 a\u00f1os de la fundaci\u00f3n de este meritorio Cuerpo de Guardia -ha continuado monse\u00f1or Becciu- y el hecho de que Suiza no cese de enviar j\u00f3venes deseosos de formar parte del servicio del Papa es motivo de ferviente agradecimiento a Dios&#8221;. En el discurso, el prelado ha animado a los nuevos reclutas a invocar con afecto y devoci\u00f3n a los dos nuevos santos, san Juan Pablo II y san Juan XXIII. &#8221;Pedidles que os ayuden a cumplir vuestras obligaciones de la mejor manera&#8221;. Adem\u00e1s ha recordado que &#8221;estamos en el mes de mayo, mes de Mar\u00eda, por lo que el inicio de vuestro servicio est\u00e1 bajo la especial protecci\u00f3n de Mar\u00eda Sant\u00edsima&#8221;.<\/p>\n<p align=\"justify\">En la ceremonia, la delegaci\u00f3n del gobierno cantonal de Svitto estaba encabezada por su presidente Walter Stahlin, y ha contado con la presencia del nuevo embajador suizo ante la Santa Sede Pierre-Yves Fux. Esta tarde, a las 17.30 horas, el cardenal Pietro Parolin, Secretario de Estado celebrar\u00e1 una eucarist\u00eda en la bas\u00edlica de San Pedro que ser\u00e1 acompa\u00f1ada por el coro &#8221;Singkreis Brunnen&#8221;.<\/p>\n<p align=\"justify\">&nbsp;<\/p>\n<p align=\"justify\">Ciudad del Vaticano, 6 mayo 2014 (VIS).-<\/p>\n","protected":false},"excerpt":{"rendered":"<p>\u00a0Juramento de la Guardia Suiza: m\u00e1s de 500 a\u00f1os de fidelidad al Papa A las 10.30 horas de esta ma\u00f1ana, ha tenido lugar el juramento de los nuevos reclutas de la Guardia Suiza, que como cada 6 de mayo, tiene lugar en el Patio de San D\u00e1maso. Ante cardenales, obispos, miembros de la curia, representantes &hellip; <a href=\"https:\/\/www.biblia.work\/sermones\/juramento-de-los-nuevos-reclutas-de-la-guardia-suiza\/\" class=\"more-link\">Continuar leyendo<span class=\"screen-reader-text\"> \u00abJuramento de los nuevos reclutas de la Guardia Suiza\u00bb<\/span><\/a><\/p>\n","protected":false},"author":1,"featured_media":0,"comment_status":"open","ping_status":"closed","sticky":false,"template":"","format":"standard","meta":{"footnotes":""},"categories":[1],"tags":[],"class_list":["post-37700","post","type-post","status-publish","format-standard","hentry","category-general"],"_links":{"self":[{"href":"https:\/\/www.biblia.work\/sermones\/wp-json\/wp\/v2\/posts\/37700","targetHints":{"allow":["GET"]}}],"collection":[{"href":"https:\/\/www.biblia.work\/sermones\/wp-json\/wp\/v2\/posts"}],"about":[{"href":"https:\/\/www.biblia.work\/sermones\/wp-json\/wp\/v2\/types\/post"}],"author":[{"embeddable":true,"href":"https:\/\/www.biblia.work\/sermones\/wp-json\/wp\/v2\/users\/1"}],"replies":[{"embeddable":true,"href":"https:\/\/www.biblia.work\/sermones\/wp-json\/wp\/v2\/comments?post=37700"}],"version-history":[{"count":0,"href":"https:\/\/www.biblia.work\/sermones\/wp-json\/wp\/v2\/posts\/37700\/revisions"}],"wp:attachment":[{"href":"https:\/\/www.biblia.work\/sermones\/wp-json\/wp\/v2\/media?parent=37700"}],"wp:term":[{"taxonomy":"category","embeddable":true,"href":"https:\/\/www.biblia.work\/sermones\/wp-json\/wp\/v2\/categories?post=37700"},{"taxonomy":"post_tag","embeddable":true,"href":"https:\/\/www.biblia.work\/sermones\/wp-json\/wp\/v2\/tags?post=37700"}],"curies":[{"name":"wp","href":"https:\/\/api.w.org\/{rel}","templated":true}]}}