{"id":37701,"date":"2016-06-21T14:54:49","date_gmt":"2016-06-21T19:54:49","guid":{"rendered":"http:\/\/www.biblia.work\/sermones\/encuentro-del-papa-francisco-con-los-obispos-de-burundi\/"},"modified":"2016-06-21T14:54:49","modified_gmt":"2016-06-21T19:54:49","slug":"encuentro-del-papa-francisco-con-los-obispos-de-burundi","status":"publish","type":"post","link":"https:\/\/www.biblia.work\/sermones\/encuentro-del-papa-francisco-con-los-obispos-de-burundi\/","title":{"rendered":"Encuentro del Papa Francisco con los obispos de Burundi"},"content":{"rendered":"<p align=\"justify\">Encuentro del Papa Francisco con los obispos de Burundi<\/p>\n<p align=\"justify\"><em>Los cuatro pilares de los futuros sacerdotes: formaci\u00f3n, intelectual, espiritual, humana y pastoral<\/em><\/p>\n<p align=\"justify\">La colaboraci\u00f3n con la sociedad civil, la evangelizaci\u00f3n en un pa\u00eds todav\u00eda dividido y la formaci\u00f3n del futuro clero han sido los temas centrales del discurso que el Santo Padre ha entregado a los obispos de la Conferencia Episcopal de Burundi que acaban de terminar su visita &#8221;ad Limina&#8221;.<\/p>\n<p align=\"justify\">El Santo Padre recuerda que la colaboraci\u00f3n entre la Santa Sede y la rep\u00fablica de Burundi fijada en el Acuerdo Marco firmado en noviembre de 2012 y entrado en vigor en febrero promete &#8221;un rico futuro para el anuncio del Evangelio&#8221; y anima a los obispos a ocupar, como ya hacen, &#8221;el lugar que les corresponde en el di\u00e1logo social y pol\u00edtico , y a encontrarse, sin vacilaciones, con el gobierno. Las personas responsables de la autoridad son las primeras que necesitan vuestro testimonio de fe y vuestro anuncio valiente de los valores cristianos para que, conociendo mejor la Doctrina Social de la Iglesia, aprecien su valor y se inspiren en ella en la administraci\u00f3n de las materias p\u00fablicas&#8221;.<\/p>\n<p align=\"justify\">Burundi, en un pasado todav\u00eda pr\u00f3ximo, ha conocido enfrentamientos terribles que todav\u00eda repercuten en la unidad del pueblo y han dejado heridas a\u00fan no cicatrizadas. &#8221;S\u00f3lo una verdadera conversi\u00f3n de los corazones al Evangelio -escribe- puede inclinar a los hombres al amor fraternal y al perd\u00f3n, porque &#8221;en la medida en que Dios logre reinar entre nosotros, la vida social ser\u00e1 \u00e1mbito de fraternidad, de justicia, de paz, de dignidad para todos&#8221;. La evangelizaci\u00f3n en profundidad de vuestro pueblo sigue siendo vuestra preocupaci\u00f3n primordial para conseguir una verdadera reconciliaci\u00f3n&#8221;.<\/p>\n<p align=\"justify\">Si los primeros testigos llamados a vivir la autenticidad de esta conversi\u00f3n son, naturalmente, los sacerdotes, es necesario que los futuros presb\u00edteros &#8221;adem\u00e1s de la indispensable formaci\u00f3n intelectual reciban tambi\u00e9n una s\u00f3lida formaci\u00f3n espiritual, humana y pastoral. \u00a1Estos son los cuatro pilares de la formaci\u00f3n ! Porque es a trav\u00e9s de su vida, en sus relaciones cotidianas , que llevar\u00e1n el Evangelio a todos. En el ministerio sacerdotal no debe haber un predominio de lo administrativo sobre lo pastoral, as\u00ed como una sacramentalizaci\u00f3n sin otras formas de evangelizaci\u00f3n&#8221;.<\/p>\n<p align=\"justify\">Francisco se\u00f1ala el admirable trabajo de las congregaciones religiosas en la educaci\u00f3n, los hospitales y la ayuda a los refugiados y recuerda a los prelados que las muchas comunidades nuevas que se forman necesitan &#8221;su discernimiento atento y prudente para asegurar una s\u00f3lida formaci\u00f3n a sus miembros y para acompa\u00f1ar la evoluci\u00f3n que est\u00e1n llamadas a vivir por el bien de toda la Iglesia&#8221;.<\/p>\n<p align=\"justify\">&#8221;La historia reciente de vuestro pa\u00eds -concluye &#8211; ha sido dif\u00edcil y se ha visto atravesada por la divisi\u00f3n y la violencia en un contexto de pobreza extrema , que desgraciadamente perdura. A pesar de ello, los valerosos esfuerzos de evangelizaci\u00f3n que despleg\u00e1is en vuestro ministerio pastoral dan muchos frutos de conversi\u00f3n y reconciliaci\u00f3n. Os invito a no desfallecer en la esperanza, sino a proseguir con valent\u00eda hacia adelante con un renovado esp\u00edritu misionero, para llevar la Buena Nueva a todos los que todav\u00eda est\u00e1n esperando o que m\u00e1s la necesitan para que conozcan, por fin, la misericordia del Se\u00f1or.<\/p>\n<p align=\"justify\">&nbsp;<\/p>\n<p align=\"justify\">Ciudad del Vaticano, 5 mayo 2014 (VIS).-<\/p>\n","protected":false},"excerpt":{"rendered":"<p>Encuentro del Papa Francisco con los obispos de Burundi Los cuatro pilares de los futuros sacerdotes: formaci\u00f3n, intelectual, espiritual, humana y pastoral La colaboraci\u00f3n con la sociedad civil, la evangelizaci\u00f3n en un pa\u00eds todav\u00eda dividido y la formaci\u00f3n del futuro clero han sido los temas centrales del discurso que el Santo Padre ha entregado a &hellip; <a href=\"https:\/\/www.biblia.work\/sermones\/encuentro-del-papa-francisco-con-los-obispos-de-burundi\/\" class=\"more-link\">Continuar leyendo<span class=\"screen-reader-text\"> \u00abEncuentro del Papa Francisco con los obispos de Burundi\u00bb<\/span><\/a><\/p>\n","protected":false},"author":1,"featured_media":0,"comment_status":"open","ping_status":"closed","sticky":false,"template":"","format":"standard","meta":{"footnotes":""},"categories":[1],"tags":[],"class_list":["post-37701","post","type-post","status-publish","format-standard","hentry","category-general"],"_links":{"self":[{"href":"https:\/\/www.biblia.work\/sermones\/wp-json\/wp\/v2\/posts\/37701","targetHints":{"allow":["GET"]}}],"collection":[{"href":"https:\/\/www.biblia.work\/sermones\/wp-json\/wp\/v2\/posts"}],"about":[{"href":"https:\/\/www.biblia.work\/sermones\/wp-json\/wp\/v2\/types\/post"}],"author":[{"embeddable":true,"href":"https:\/\/www.biblia.work\/sermones\/wp-json\/wp\/v2\/users\/1"}],"replies":[{"embeddable":true,"href":"https:\/\/www.biblia.work\/sermones\/wp-json\/wp\/v2\/comments?post=37701"}],"version-history":[{"count":0,"href":"https:\/\/www.biblia.work\/sermones\/wp-json\/wp\/v2\/posts\/37701\/revisions"}],"wp:attachment":[{"href":"https:\/\/www.biblia.work\/sermones\/wp-json\/wp\/v2\/media?parent=37701"}],"wp:term":[{"taxonomy":"category","embeddable":true,"href":"https:\/\/www.biblia.work\/sermones\/wp-json\/wp\/v2\/categories?post=37701"},{"taxonomy":"post_tag","embeddable":true,"href":"https:\/\/www.biblia.work\/sermones\/wp-json\/wp\/v2\/tags?post=37701"}],"curies":[{"name":"wp","href":"https:\/\/api.w.org\/{rel}","templated":true}]}}