{"id":37703,"date":"2016-06-21T14:54:57","date_gmt":"2016-06-21T19:54:57","guid":{"rendered":"http:\/\/www.biblia.work\/sermones\/encuentro-del-papa-francisco-con-reclutas-de-la-guardia-suiza-pontificia\/"},"modified":"2016-06-21T14:54:57","modified_gmt":"2016-06-21T19:54:57","slug":"encuentro-del-papa-francisco-con-reclutas-de-la-guardia-suiza-pontificia","status":"publish","type":"post","link":"https:\/\/www.biblia.work\/sermones\/encuentro-del-papa-francisco-con-reclutas-de-la-guardia-suiza-pontificia\/","title":{"rendered":"Encuentro del Papa Francisco con reclutas de la Guardia Suiza Pontificia"},"content":{"rendered":"<p align=\"justify\">Encuentro del Papa Francisco con reclutas de la Guardia Suiza Pontificia<\/p>\n<p align=\"justify\">El Papa Francisco a los nuevos Guardias Suizos: \u201cNo es el uniforme el que da ejemplo sino la persona que lo lleva\u201d<\/p>\n<p align=\"justify\">Francisco se ha encontrado hoy, en la Sala Clementina del Palacio Apost\u00f3lico Vaticano, con los reclutas de la Guardia Suiza Pontificia que ma\u00f1ana jurar\u00e1n bandera, acompa\u00f1ados por sus padres, familiares y amigos. &#8221;Es un d\u00eda especial -ha dicho- porque se conmemora el saqueo de Roma y el acto heroico de vuestros predecesores que, en 1527, dieron su vida por la defensa de la Iglesia y del Papa. Vuestra dedicaci\u00f3n es la confirmaci\u00f3n de que su valor y su fidelidad han dado sus frutos&#8221;.<\/p>\n<p align=\"justify\">&#8221;El contexto social y eclesial ha cambiado mucho desde entonces -ha continuado-: la sociedad es diferente respecto a esos d\u00edas. Pero el coraz\u00f3n del hombre, su capacidad de ser fiel y valiente &#8211; acriter et fideliter, como dice vuestro lema- se ha mantenido igual. Servir en la Guardia Suiza Pontificia significa vivir una experiencia que prev\u00e9 encontrarse con el tiempo y el espacio de una manera muy especial&#8230; Con vuestro peculiar servicio, est\u00e1is llamados a dar un testimonio cristiano, pac\u00edfico y alegre a los que vienen al Vaticano para visitar la EL PAPA A LOS NUEVOS GUARDIAS SUIZOS: NO ES EL UNIFORME EL QUE DA EJEMPLO SINO LA PERSONA QUE LO LLEVA<\/p>\n<p align=\"justify\">Ciudad del Vaticano, 5 mayo 2014 (VIS).- Francisco se ha encontrado hoy, en la Sala Clementina del Palacio Apost\u00f3lico Vaticano, con los reclutas de la Guardia Suiza Pontificia que ma\u00f1ana jurar\u00e1n bandera, acompa\u00f1ados por sus padres, familiares y amigos. &#8221;Es un d\u00eda especial -ha dicho- porque se conmemora el saqueo de Roma y el acto heroico de vuestros predecesores que, en 1527, dieron su vida por la defensa de la Iglesia y del Papa. Vuestra dedicaci\u00f3n es la confirmaci\u00f3n de que su valor y su fidelidad han dado sus frutos&#8221;.<\/p>\n<p align=\"justify\">&#8221;El contexto social y eclesial ha cambiado mucho desde entonces -ha continuado-: la sociedad es diferente respecto a esos d\u00edas. Pero el coraz\u00f3n del hombre, su capacidad de ser fiel y valiente &#8211; acriter et fideliter, como dice vuestro lema- se ha mantenido igual. Servir en la Guardia Suiza Pontificia significa vivir una experiencia que prev\u00e9 encontrarse con el tiempo y el espacio de una manera muy especial&#8230; Con vuestro peculiar servicio, est\u00e1is llamados a dar un testimonio cristiano, pac\u00edfico y alegre a los que vienen al Vaticano para visitar la bas\u00edlica de San Pedro y para encontrarse con el Papa. \u00a1Vivid intensamente vuestros d\u00edas! -les ha dicho- Sed fuertes en la fe y generosos en la caridad hacia las personas que encontr\u00e9is&#8221;.<\/p>\n<p align=\"justify\">El Obispo de Roma ha recordado que el uniforme de la Guardia Suiza este a\u00f1o celebra su centenario. &#8221;Sus colores y su forma -ha explicado- son conocidos en todo el mundo: recuerdan la dedicaci\u00f3n, la seriedad y la seguridad. Identifican un servicio \u00fanico y un pasado glorioso. Sin embargo, detr\u00e1s de cada uniforme hay una persona real: con una familia y un pa\u00eds de origen, con una personalidad y una sensibilidad, con deseos y planes de vida. Vuestro uniforme es una caracter\u00edstica llamativa de la Guardia Suiza y atrae la atenci\u00f3n de la gente. Pero recordad que no es el uniforme, sino quien lo lleva puesto el que llama la atenci\u00f3n de los dem\u00e1s con su amabilidad, con el esp\u00edritu de hospitalidad, con la actitud de caridad hacia todos. Considerad esto tambi\u00e9n en la relaci\u00f3n entre vosotros, dando importancia a vuestra vida comunitaria, al compartir los momentos felices y los m\u00e1s dif\u00edciles, sin olvidar a los que tengan problemas y, a veces necesiten una sonrisa y un gesto de est\u00edmulo y amistad; evitad una distancia negativa que os separe de vuestros compa\u00f1eros y que, en la vida de todas las personas del mundo, puede generar desprecio, marginaci\u00f3n o racismo&#8221;.bas\u00edlica de San Pedro y para encontrarse con el Papa. \u00a1Vivid intensamente vuestros d\u00edas! -les ha dicho- Sed fuertes en la fe y generosos en la caridad hacia las personas que encontr\u00e9is&#8221;.<\/p>\n<p align=\"justify\">El Obispo de Roma ha recordado que el uniforme de la Guardia Suiza este a\u00f1o celebra su centenario. &#8221;Sus colores y su forma -ha explicado- son conocidos en todo el mundo: recuerdan la dedicaci\u00f3n, la seriedad y la seguridad. Identifican un servicio \u00fanico y un pasado glorioso. Sin embargo, detr\u00e1s de cada uniforme hay una persona real: con una familia y un pa\u00eds de origen, con una personalidad y una sensibilidad, con deseos y planes de vida. Vuestro uniforme es una caracter\u00edstica llamativa de la Guardia Suiza y atrae la atenci\u00f3n de la gente. Pero recordad que no es el uniforme, sino quien lo lleva puesto el que llama la atenci\u00f3n de los dem\u00e1s con su amabilidad, con el esp\u00edritu de hospitalidad, con la actitud de caridad hacia todos. Considerad esto tambi\u00e9n en la relaci\u00f3n entre vosotros, dando importancia a vuestra vida comunitaria, al compartir los momentos felices y los m\u00e1s dif\u00edciles, sin olvidar a los que tengan problemas y, a veces necesiten una sonrisa y un gesto de est\u00edmulo y amistad; evitad una distancia negativa que os separe de vuestros compa\u00f1eros y que, en la vida de todas las personas del mundo, puede generar desprecio, marginaci\u00f3n o racismo&#8221;.<\/p>\n<p align=\"justify\">Ciudad del Vaticano, 5 mayo 2014 (VIS).-<\/p>\n","protected":false},"excerpt":{"rendered":"<p>Encuentro del Papa Francisco con reclutas de la Guardia Suiza Pontificia El Papa Francisco a los nuevos Guardias Suizos: \u201cNo es el uniforme el que da ejemplo sino la persona que lo lleva\u201d Francisco se ha encontrado hoy, en la Sala Clementina del Palacio Apost\u00f3lico Vaticano, con los reclutas de la Guardia Suiza Pontificia que &hellip; <a href=\"https:\/\/www.biblia.work\/sermones\/encuentro-del-papa-francisco-con-reclutas-de-la-guardia-suiza-pontificia\/\" class=\"more-link\">Continuar leyendo<span class=\"screen-reader-text\"> \u00abEncuentro del Papa Francisco con reclutas de la Guardia Suiza Pontificia\u00bb<\/span><\/a><\/p>\n","protected":false},"author":1,"featured_media":0,"comment_status":"open","ping_status":"closed","sticky":false,"template":"","format":"standard","meta":{"footnotes":""},"categories":[1],"tags":[],"class_list":["post-37703","post","type-post","status-publish","format-standard","hentry","category-general"],"_links":{"self":[{"href":"https:\/\/www.biblia.work\/sermones\/wp-json\/wp\/v2\/posts\/37703","targetHints":{"allow":["GET"]}}],"collection":[{"href":"https:\/\/www.biblia.work\/sermones\/wp-json\/wp\/v2\/posts"}],"about":[{"href":"https:\/\/www.biblia.work\/sermones\/wp-json\/wp\/v2\/types\/post"}],"author":[{"embeddable":true,"href":"https:\/\/www.biblia.work\/sermones\/wp-json\/wp\/v2\/users\/1"}],"replies":[{"embeddable":true,"href":"https:\/\/www.biblia.work\/sermones\/wp-json\/wp\/v2\/comments?post=37703"}],"version-history":[{"count":0,"href":"https:\/\/www.biblia.work\/sermones\/wp-json\/wp\/v2\/posts\/37703\/revisions"}],"wp:attachment":[{"href":"https:\/\/www.biblia.work\/sermones\/wp-json\/wp\/v2\/media?parent=37703"}],"wp:term":[{"taxonomy":"category","embeddable":true,"href":"https:\/\/www.biblia.work\/sermones\/wp-json\/wp\/v2\/categories?post=37703"},{"taxonomy":"post_tag","embeddable":true,"href":"https:\/\/www.biblia.work\/sermones\/wp-json\/wp\/v2\/tags?post=37703"}],"curies":[{"name":"wp","href":"https:\/\/api.w.org\/{rel}","templated":true}]}}