{"id":37705,"date":"2016-06-21T14:55:07","date_gmt":"2016-06-21T19:55:07","guid":{"rendered":"http:\/\/www.biblia.work\/sermones\/solidaridad-del-vaticano-con-las-victimas-de-los-abusos-sexuales\/"},"modified":"2016-06-21T14:55:07","modified_gmt":"2016-06-21T19:55:07","slug":"solidaridad-del-vaticano-con-las-victimas-de-los-abusos-sexuales","status":"publish","type":"post","link":"https:\/\/www.biblia.work\/sermones\/solidaridad-del-vaticano-con-las-victimas-de-los-abusos-sexuales\/","title":{"rendered":"Solidaridad del Vaticano con las v\u00edctimas de los abusos sexuales"},"content":{"rendered":"<p align=\"justify\">Solidaridad del Vaticano con las v\u00edctimas de los abusos sexuales<\/p>\n<p align=\"justify\">Declaraci\u00f3n de la Oficina de Prensa de la Santa Sede al final del Encuentro de la Pontificia Comisi\u00f3n para la Protecci\u00f3n de los Menores (3-5-2014)<\/p>\n<p align=\"justify\">Los primeros miembros de la Pontificia Comisi\u00f3n para la Protecci\u00f3n de los Menores se han reunido por primera vez en la Casa de Santa Marta del 1 al 3 de mayo. El objetivo del encuentro, como se anunci\u00f3 previamente, era presentar al Santo Padre sugerencias acerca de las funciones de dicha Comisi\u00f3n y proponer el nombramiento de otros miembros procedentes de diversos lugares del mundo.<\/p>\n<p align=\"justify\">Los miembros que han tomado parte en este encuentro han sido: Catherine Bonnet, Francia; Marie Collins, Irlanda; Sheila Baroness Hollins, Reino Unido ; el cardenal Sean Patrick O&#8217;Malley, O.F.M.Cap, Estados Unidos ; Claudio Papale, Italia; Hanna Suchocka, Polonia; Humberto Miguel Y\u00e1\u00f1ez, S.I., Argentina y Hans Zollner, S.I., Alemania.<\/p>\n<p align=\"justify\">Al final del encuentro, con motivo de un briefing para los medios de comunicaci\u00f3n, en la Oficina de Prensa de la Santa Sede, se ha publicado &#8211; por cuenta de la Comisi\u00f3n &#8211; la siguiente declaraci\u00f3n:<\/p>\n<p align=\"justify\">\u201cA la hora de empezar nuestro servicio queremos expresar nuestra profunda solidaridad a todos los que han sido v\u00edctimas de abusos sexuales cuando eran ni\u00f1os o adultos vulnerables y hacer saber que desde el comienzo de nuestra tarea hemos adoptado el principio de que el bien de un ni\u00f1o o de un adulto vulnerable es prioritario a la hora de tomar cualquier decisi\u00f3n.<\/p>\n<p align=\"justify\">Durante nuestros encuentros, cada uno de nosotros ha compartido ideas, experiencias y aspiraciones sobre esta Pontificia Comisi\u00f3n. Respondiendo a la solicitud del Santo Padre, la discusi\u00f3n se ha centrado en la naturaleza y los objetivos de la Comisi\u00f3n y en la ampliaci\u00f3n de sus miembros para incluir a personas de otras zonas geogr\u00e1ficas y de diversas competencias.<\/p>\n<p align=\"justify\">En nuestras conversaciones tambi\u00e9n hemos examinado muchas propuestas sobre la forma en que la Comisi\u00f3n podr\u00eda colaborar con expertos de sectores relacionados con la salvaguardia de los menores y los adultos vulnerables. Tambi\u00e9n nos hemos encontrado con varios miembros de la Curia romana de cara a una futura cooperaci\u00f3n, entre ellos representantes de la Secretar\u00eda de Estado, de la Congregaci\u00f3n para la Doctrina de la Fe, de la Congregaci\u00f3n para el Clero, de la Oficina de Prensa de la Santa Sede y de la Gendarmer\u00eda Vaticana.<\/p>\n<p align=\"justify\">En cuanto Comisi\u00f3n consultiva del Santo Padre, comunicaremos al Papa Francisco los resultados de nuestro trabajo. A su debido tiempo, propondremos iniciativas para fomentar la responsabilidad local en todo el mundo y el intercambio mutuo de &#8221;pr\u00e1cticas mejores&#8221; para la protecci\u00f3n de todos los menores, mediante programas de preparaci\u00f3n, educaci\u00f3n, formaci\u00f3n y respuesta ante los abusos.<\/p>\n<p align=\"justify\">Tambi\u00e9n hemos compartido con el Papa la importancia que atribuimos a algunos aspectos de nuestro futuro trabajo. Consideramos que es muy importante asegurar la responsabilidad (accountability) de la Iglesia, incluida la puesta a punto de medidas y procedimientos eficaces y transparentes. Propondremos al Santo Padre unos estatutos que expresen con m\u00e1s precisi\u00f3n la naturaleza de la Comisi\u00f3n, su estructura, su actividad y sus objetivos. Est\u00e1 claro, por ejemplo, que la Comisi\u00f3n no tratar\u00e1 los casos individuales de abusos, pero podr\u00e1 presentar sugerencias sobre las normas para garantizar la responsabilidad (accountability) y las mejores pr\u00e1cticas. En los estatutos presentaremos propuestas espec\u00edficas que hagan hincapi\u00e9 en la sensibilizaci\u00f3n de la opini\u00f3n p\u00fablica sobre las tr\u00e1gicas consecuencias del abuso sexual y de las devastadoras repercusiones de no escuchar o no informar cuando se sospecha un abuso, as\u00ed como de la falta de ayuda a las v\u00edctimas de abusos sexuales y a sus familias.<\/p>\n<p align=\"justify\">Al mismo tiempo que los cat\u00f3licos se comprometen a que nuestras parroquias, escuelas e instituciones sean lugares seguros para todos los menores, nosotros, junto con las personas de buena voluntad, nos comprometemos a asegurar que los ni\u00f1os y los adultos vulnerables est\u00e9n protegidos de los abusos. Pedimos a todos los que apoyan el trabajo de la Comisi\u00f3n que recen por nosotros.\u201d<\/p>\n<p align=\"justify\">(CdM &#8211; RV)<\/p>\n","protected":false},"excerpt":{"rendered":"<p>Solidaridad del Vaticano con las v\u00edctimas de los abusos sexuales Declaraci\u00f3n de la Oficina de Prensa de la Santa Sede al final del Encuentro de la Pontificia Comisi\u00f3n para la Protecci\u00f3n de los Menores (3-5-2014) Los primeros miembros de la Pontificia Comisi\u00f3n para la Protecci\u00f3n de los Menores se han reunido por primera vez en &hellip; <a href=\"https:\/\/www.biblia.work\/sermones\/solidaridad-del-vaticano-con-las-victimas-de-los-abusos-sexuales\/\" class=\"more-link\">Continuar leyendo<span class=\"screen-reader-text\"> \u00abSolidaridad del Vaticano con las v\u00edctimas de los abusos sexuales\u00bb<\/span><\/a><\/p>\n","protected":false},"author":1,"featured_media":0,"comment_status":"open","ping_status":"closed","sticky":false,"template":"","format":"standard","meta":{"footnotes":""},"categories":[1],"tags":[],"class_list":["post-37705","post","type-post","status-publish","format-standard","hentry","category-general"],"_links":{"self":[{"href":"https:\/\/www.biblia.work\/sermones\/wp-json\/wp\/v2\/posts\/37705","targetHints":{"allow":["GET"]}}],"collection":[{"href":"https:\/\/www.biblia.work\/sermones\/wp-json\/wp\/v2\/posts"}],"about":[{"href":"https:\/\/www.biblia.work\/sermones\/wp-json\/wp\/v2\/types\/post"}],"author":[{"embeddable":true,"href":"https:\/\/www.biblia.work\/sermones\/wp-json\/wp\/v2\/users\/1"}],"replies":[{"embeddable":true,"href":"https:\/\/www.biblia.work\/sermones\/wp-json\/wp\/v2\/comments?post=37705"}],"version-history":[{"count":0,"href":"https:\/\/www.biblia.work\/sermones\/wp-json\/wp\/v2\/posts\/37705\/revisions"}],"wp:attachment":[{"href":"https:\/\/www.biblia.work\/sermones\/wp-json\/wp\/v2\/media?parent=37705"}],"wp:term":[{"taxonomy":"category","embeddable":true,"href":"https:\/\/www.biblia.work\/sermones\/wp-json\/wp\/v2\/categories?post=37705"},{"taxonomy":"post_tag","embeddable":true,"href":"https:\/\/www.biblia.work\/sermones\/wp-json\/wp\/v2\/tags?post=37705"}],"curies":[{"name":"wp","href":"https:\/\/api.w.org\/{rel}","templated":true}]}}