{"id":37706,"date":"2016-06-21T14:55:11","date_gmt":"2016-06-21T19:55:11","guid":{"rendered":"http:\/\/www.biblia.work\/sermones\/conclusiones-de-la-reunion-del-consejo-de-economia-del-vaticano-2-de-mayo-de-2014\/"},"modified":"2016-06-21T14:55:11","modified_gmt":"2016-06-21T19:55:11","slug":"conclusiones-de-la-reunion-del-consejo-de-economia-del-vaticano-2-de-mayo-de-2014","status":"publish","type":"post","link":"https:\/\/www.biblia.work\/sermones\/conclusiones-de-la-reunion-del-consejo-de-economia-del-vaticano-2-de-mayo-de-2014\/","title":{"rendered":"Conclusiones de la reuni\u00f3n del Consejo de Econom\u00eda del Vaticano (2 de mayo de 2014)"},"content":{"rendered":"<p align=\"justify\">Conclusiones de la reuni\u00f3n del Consejo de Econom\u00eda del Vaticano (2 de mayo de 2014)<\/p>\n<p align=\"justify\">El Consejo de Econom\u00eda, instituido por el Santo Padre el pasado 24 de febrero con el Motu Proprio &#8221;Fidelis dispensator et prudens&#8221;, se reuni\u00f3 por primera vez el viernes, 2 de mayo, en la Sala Bolonia del Palacio Apost\u00f3lico, trabajando ma\u00f1ana y tarde y concluyendo a las 18.00 horas. <\/p>\n<p align=\"justify\">Presidi\u00f3 la reuni\u00f3n el cardenal Reinhard Marx, coordinador del Consejo y, junto a los quince miembros pertenecientes a ese organismo, tomaron parte en los trabajos los cardenales Pietro Parolin, Secretario de Estado y George Pell, presidente de la Secretar\u00eda de Econom\u00eda, adem\u00e1s de monse\u00f1or Brian Ferme, prelado secretario de dicho Consejo.<\/p>\n<p align=\"justify\">El Santo Padre recibi\u00f3 al Consejo el viernes por la ma\u00f1ana y les dirigi\u00f3 un breve e importante discurso.<\/p>\n<p align=\"justify\">Como subrayaron en su discurso tanto el Santo Padre como el cardenal coordinador, los miembros eclesi\u00e1sticos y laicos del Consejo tienen la misma consideraci\u00f3n y sus responsabilidades y derechos son iguales, como se puso de relieve en la reuni\u00f3n en la que eclesi\u00e1sticos y laicos ocuparon puestos alternados y no separados en torno a la mesa de trabajo.<\/p>\n<p align=\"justify\">El objetivo principal de los trabajos &#8211; desarrollados en una atm\u00f3sfera positiva y constructiva &#8211; ha sido la redacci\u00f3n del borrador de los estatutos del Consejo, cuyo examen continuar\u00e1 en la pr\u00f3xima reuni\u00f3n para someterlos a la aprobaci\u00f3n del Santo Padre.<\/p>\n<p align=\"justify\">Tambi\u00e9n se present\u00f3 al Consejo el trabajo desempe\u00f1ado por la Comisi\u00f3n de estudio y gu\u00eda sobre la organizaci\u00f3n de la estructura econ\u00f3mico-administrativa de la Santa Sede (COSEA), instituida por el Papa el 18 de julio de 2013. La informaci\u00f3n y la continuidad del trabajo realizado est\u00e1n garantizadas por el hecho de que el presidente y otros dos miembros de COSEA ahora son tambi\u00e9n miembros del Consejo de Econom\u00eda.<\/p>\n<p align=\"justify\">La pr\u00f3xima reuni\u00f3n tendr\u00e1 lugar el 5 de julio y hay otras dos m\u00e1s previstas en el curso de este a\u00f1o, una en septiembre y otra en diciembre.<\/p>\n","protected":false},"excerpt":{"rendered":"<p>Conclusiones de la reuni\u00f3n del Consejo de Econom\u00eda del Vaticano (2 de mayo de 2014) El Consejo de Econom\u00eda, instituido por el Santo Padre el pasado 24 de febrero con el Motu Proprio &#8221;Fidelis dispensator et prudens&#8221;, se reuni\u00f3 por primera vez el viernes, 2 de mayo, en la Sala Bolonia del Palacio Apost\u00f3lico, trabajando &hellip; <a href=\"https:\/\/www.biblia.work\/sermones\/conclusiones-de-la-reunion-del-consejo-de-economia-del-vaticano-2-de-mayo-de-2014\/\" class=\"more-link\">Continuar leyendo<span class=\"screen-reader-text\"> \u00abConclusiones de la reuni\u00f3n del Consejo de Econom\u00eda del Vaticano (2 de mayo de 2014)\u00bb<\/span><\/a><\/p>\n","protected":false},"author":1,"featured_media":0,"comment_status":"open","ping_status":"closed","sticky":false,"template":"","format":"standard","meta":{"footnotes":""},"categories":[1],"tags":[],"class_list":["post-37706","post","type-post","status-publish","format-standard","hentry","category-general"],"_links":{"self":[{"href":"https:\/\/www.biblia.work\/sermones\/wp-json\/wp\/v2\/posts\/37706","targetHints":{"allow":["GET"]}}],"collection":[{"href":"https:\/\/www.biblia.work\/sermones\/wp-json\/wp\/v2\/posts"}],"about":[{"href":"https:\/\/www.biblia.work\/sermones\/wp-json\/wp\/v2\/types\/post"}],"author":[{"embeddable":true,"href":"https:\/\/www.biblia.work\/sermones\/wp-json\/wp\/v2\/users\/1"}],"replies":[{"embeddable":true,"href":"https:\/\/www.biblia.work\/sermones\/wp-json\/wp\/v2\/comments?post=37706"}],"version-history":[{"count":0,"href":"https:\/\/www.biblia.work\/sermones\/wp-json\/wp\/v2\/posts\/37706\/revisions"}],"wp:attachment":[{"href":"https:\/\/www.biblia.work\/sermones\/wp-json\/wp\/v2\/media?parent=37706"}],"wp:term":[{"taxonomy":"category","embeddable":true,"href":"https:\/\/www.biblia.work\/sermones\/wp-json\/wp\/v2\/categories?post=37706"},{"taxonomy":"post_tag","embeddable":true,"href":"https:\/\/www.biblia.work\/sermones\/wp-json\/wp\/v2\/tags?post=37706"}],"curies":[{"name":"wp","href":"https:\/\/api.w.org\/{rel}","templated":true}]}}