{"id":37707,"date":"2016-06-21T14:55:15","date_gmt":"2016-06-21T19:55:15","guid":{"rendered":"http:\/\/www.biblia.work\/sermones\/el-papa-francisco-recibe-a-los-miembros-del-nuevo-consejo-de-economia\/"},"modified":"2016-06-21T14:55:15","modified_gmt":"2016-06-21T19:55:15","slug":"el-papa-francisco-recibe-a-los-miembros-del-nuevo-consejo-de-economia","status":"publish","type":"post","link":"https:\/\/www.biblia.work\/sermones\/el-papa-francisco-recibe-a-los-miembros-del-nuevo-consejo-de-economia\/","title":{"rendered":"El Papa Francisco recibe a los miembros del nuevo Consejo de Econom\u00eda"},"content":{"rendered":"<p align=\"justify\">El Papa Francisco recibe a los miembros del nuevo Consejo de Econom\u00eda<\/p>\n<p align=\"justify\">Al Consejo de Econom\u00eda: \u201cTransparencia a la luz del Evangelio\u201d<\/p>\n<p align=\"justify\">El Santo Padre recibi\u00f3 en la ma\u00f1ana del viernes 2 de mayo a los miembros del nuevo Consejo de Econom\u00eda que hoy celebran su primera reuni\u00f3n. Tras saludar al cardenal Reinhard Marx, arzobispo de Munchen und Freising (Alemania), coordinador de ese organismo el Papa ha recordado a los presentes la conciencia de la responsabilidad de la Iglesia a la hora de proteger y gestionar cuidadosamente sus bienes a la luz de su misi\u00f3n de evangelizaci\u00f3n y prestando una atenci\u00f3n especial a los m\u00e1s necesitados. &#8221;No debemos salir de este camino -ha dicho- Todo, transparencia, eficiencia, todo por este prop\u00f3sito. Todo es para esto&#8221;.<\/p>\n<p align=\"justify\">Francisco ha destacado c\u00f3mo la Santa Sede se sienta llamada a cumplir esta misi\u00f3n teniendo en cuenta su responsabilidad hacia la Iglesia Universal y sin olvidar que estos cambios &#8221;reflejar\u00e1n el deseo de poner en marcha la necesaria reforma de la Curia Romana para servir mejor a la Iglesia y a la misi\u00f3n de Pedro. &#8221;Un reto notable -ha a\u00f1adido- que requiere fidelidad y prudencia. El camino no ser\u00e1 simple y precisa valent\u00eda y determinaci\u00f3n&#8221;.<\/p>\n<p align=\"justify\">Antes de concluir, el Papa ha recordado que el Consejo est\u00e1 formado por 8 cardenales y 7 laicos, siendo estos \u00faltimos, miembros a titulo pleno del nuevo consejo. &#8221;No son de segunda clase&#8221; -ha se\u00f1alado-. &#8221;El trabajo del Consejo -ha finalizado- tiene mucho peso e importancia y ofrecer\u00e1 una contribuci\u00f3n fundamental al servicio desarrollado por la Curia Romana y de las diversas administraciones de la Santa Sede&#8221;.<\/p>\n<p align=\"justify\">&nbsp;<\/p>\n<p align=\"justify\">Ciudad del Vaticano, 2 mayo 2014 (VIS).-<\/p>\n<p align=\"justify\">&nbsp;<\/p>\n","protected":false},"excerpt":{"rendered":"<p>El Papa Francisco recibe a los miembros del nuevo Consejo de Econom\u00eda Al Consejo de Econom\u00eda: \u201cTransparencia a la luz del Evangelio\u201d El Santo Padre recibi\u00f3 en la ma\u00f1ana del viernes 2 de mayo a los miembros del nuevo Consejo de Econom\u00eda que hoy celebran su primera reuni\u00f3n. Tras saludar al cardenal Reinhard Marx, arzobispo &hellip; <a href=\"https:\/\/www.biblia.work\/sermones\/el-papa-francisco-recibe-a-los-miembros-del-nuevo-consejo-de-economia\/\" class=\"more-link\">Continuar leyendo<span class=\"screen-reader-text\"> \u00abEl Papa Francisco recibe a los miembros del nuevo Consejo de Econom\u00eda\u00bb<\/span><\/a><\/p>\n","protected":false},"author":1,"featured_media":0,"comment_status":"open","ping_status":"closed","sticky":false,"template":"","format":"standard","meta":{"footnotes":""},"categories":[1],"tags":[],"class_list":["post-37707","post","type-post","status-publish","format-standard","hentry","category-general"],"_links":{"self":[{"href":"https:\/\/www.biblia.work\/sermones\/wp-json\/wp\/v2\/posts\/37707","targetHints":{"allow":["GET"]}}],"collection":[{"href":"https:\/\/www.biblia.work\/sermones\/wp-json\/wp\/v2\/posts"}],"about":[{"href":"https:\/\/www.biblia.work\/sermones\/wp-json\/wp\/v2\/types\/post"}],"author":[{"embeddable":true,"href":"https:\/\/www.biblia.work\/sermones\/wp-json\/wp\/v2\/users\/1"}],"replies":[{"embeddable":true,"href":"https:\/\/www.biblia.work\/sermones\/wp-json\/wp\/v2\/comments?post=37707"}],"version-history":[{"count":0,"href":"https:\/\/www.biblia.work\/sermones\/wp-json\/wp\/v2\/posts\/37707\/revisions"}],"wp:attachment":[{"href":"https:\/\/www.biblia.work\/sermones\/wp-json\/wp\/v2\/media?parent=37707"}],"wp:term":[{"taxonomy":"category","embeddable":true,"href":"https:\/\/www.biblia.work\/sermones\/wp-json\/wp\/v2\/categories?post=37707"},{"taxonomy":"post_tag","embeddable":true,"href":"https:\/\/www.biblia.work\/sermones\/wp-json\/wp\/v2\/tags?post=37707"}],"curies":[{"name":"wp","href":"https:\/\/api.w.org\/{rel}","templated":true}]}}