{"id":37708,"date":"2016-06-21T14:55:19","date_gmt":"2016-06-21T19:55:19","guid":{"rendered":"http:\/\/www.biblia.work\/sermones\/audiencia-del-papa-francisco-con-el-presidente-de-angola-jose-eduardo-dos-santos\/"},"modified":"2016-06-21T14:55:19","modified_gmt":"2016-06-21T19:55:19","slug":"audiencia-del-papa-francisco-con-el-presidente-de-angola-jose-eduardo-dos-santos","status":"publish","type":"post","link":"https:\/\/www.biblia.work\/sermones\/audiencia-del-papa-francisco-con-el-presidente-de-angola-jose-eduardo-dos-santos\/","title":{"rendered":"Audiencia del Papa Francisco con el presidente de Angola, Jos\u00e9 Eduardo dos Santos"},"content":{"rendered":"<p>Audiencia del Papa Francisco con el presidente de Angola, Jos\u00e9 Eduardo dos Santos<\/p>\n<p>El Santo Padre Francisco ha recibido en audiencia en el palacio apost\u00f3lico vaticano, al presidente de la Rep\u00fablica de Angola, Jos\u00e9 Eduardo dos Santos, que sucesivamente se ha encontrado con el cardenal Pietro Parolin, Secretario de Estado a quien acompa\u00f1aba el arzobispo Dominique Mamberti, Secretario para las Relaciones con los Estados.<\/p>\n<p align=\"justify\">\n<p>Durante las conversaciones, transcurridas en una atm\u00f3sfera cordial, se ha hablado de las buenas relaciones entre la Santa Sede y la Rep\u00fablica de Angola y, en particular, del proyecto de acuerdo bilateral relativo al estatuto jur\u00eddico de la Iglesia Cat\u00f3lica en el pa\u00eds. En ese contexto se ha hecho referencia a la notable aportaci\u00f3n que la Iglesia Cat\u00f3lica da al pa\u00eds con sus instituciones de car\u00e1cter educativo y sanitario.<\/p>\n<p>Por \u00faltimo, se han examinado diversas cuestiones que ata\u00f1en a Angola y a la regi\u00f3n de la que forma parte, como la lucha a la pobreza y a la desigualdad social, el desarrollo integral de la persona, la reconciliaci\u00f3n, la justicia y la paz, prestando particular atenci\u00f3n a las situaciones de conflicto en el continente africano.<\/p>\n<p>Ciudad del Vaticano, 2 mayo 2014 (VIS).-<\/p>\n<p align=\"justify\">&nbsp;<\/p>\n","protected":false},"excerpt":{"rendered":"<p>Audiencia del Papa Francisco con el presidente de Angola, Jos\u00e9 Eduardo dos Santos El Santo Padre Francisco ha recibido en audiencia en el palacio apost\u00f3lico vaticano, al presidente de la Rep\u00fablica de Angola, Jos\u00e9 Eduardo dos Santos, que sucesivamente se ha encontrado con el cardenal Pietro Parolin, Secretario de Estado a quien acompa\u00f1aba el arzobispo &hellip; <a href=\"https:\/\/www.biblia.work\/sermones\/audiencia-del-papa-francisco-con-el-presidente-de-angola-jose-eduardo-dos-santos\/\" class=\"more-link\">Continuar leyendo<span class=\"screen-reader-text\"> \u00abAudiencia del Papa Francisco con el presidente de Angola, Jos\u00e9 Eduardo dos Santos\u00bb<\/span><\/a><\/p>\n","protected":false},"author":1,"featured_media":0,"comment_status":"open","ping_status":"closed","sticky":false,"template":"","format":"standard","meta":{"footnotes":""},"categories":[1],"tags":[],"class_list":["post-37708","post","type-post","status-publish","format-standard","hentry","category-general"],"_links":{"self":[{"href":"https:\/\/www.biblia.work\/sermones\/wp-json\/wp\/v2\/posts\/37708","targetHints":{"allow":["GET"]}}],"collection":[{"href":"https:\/\/www.biblia.work\/sermones\/wp-json\/wp\/v2\/posts"}],"about":[{"href":"https:\/\/www.biblia.work\/sermones\/wp-json\/wp\/v2\/types\/post"}],"author":[{"embeddable":true,"href":"https:\/\/www.biblia.work\/sermones\/wp-json\/wp\/v2\/users\/1"}],"replies":[{"embeddable":true,"href":"https:\/\/www.biblia.work\/sermones\/wp-json\/wp\/v2\/comments?post=37708"}],"version-history":[{"count":0,"href":"https:\/\/www.biblia.work\/sermones\/wp-json\/wp\/v2\/posts\/37708\/revisions"}],"wp:attachment":[{"href":"https:\/\/www.biblia.work\/sermones\/wp-json\/wp\/v2\/media?parent=37708"}],"wp:term":[{"taxonomy":"category","embeddable":true,"href":"https:\/\/www.biblia.work\/sermones\/wp-json\/wp\/v2\/categories?post=37708"},{"taxonomy":"post_tag","embeddable":true,"href":"https:\/\/www.biblia.work\/sermones\/wp-json\/wp\/v2\/tags?post=37708"}],"curies":[{"name":"wp","href":"https:\/\/api.w.org\/{rel}","templated":true}]}}