{"id":37709,"date":"2016-06-21T14:55:23","date_gmt":"2016-06-21T19:55:23","guid":{"rendered":"http:\/\/www.biblia.work\/sermones\/catequesis-del-papa-francisco-en-la-audiencia-generales-sobre-segundo-don-del-espiritu-santo\/"},"modified":"2016-06-21T14:55:23","modified_gmt":"2016-06-21T19:55:23","slug":"catequesis-del-papa-francisco-en-la-audiencia-generales-sobre-segundo-don-del-espiritu-santo","status":"publish","type":"post","link":"https:\/\/www.biblia.work\/sermones\/catequesis-del-papa-francisco-en-la-audiencia-generales-sobre-segundo-don-del-espiritu-santo\/","title":{"rendered":"Catequesis del Papa Francisco en la audiencia generales sobre segundo don del Esp\u00edritu Santo"},"content":{"rendered":"<p align=\"justify\"><strong>Catequesis del Papa Francisco en la audiencia generales sobre segundo don del Esp\u00edritu Santo<\/strong><\/p>\n<p align=\"justify\"><em>Segundo don del Esp\u00edritu Santo: \u201cEntender las cosas con la inteligencia de Dios\u201d<\/em><\/p>\n<p align=\"justify\">Prosiguiendo con la catequesis sobre los siete dones del Esp\u00edritu Santo, el Papa Francisco se ha centrado en la audiencia general de este mi\u00e9rcoles sobre el intelecto. &#8221;No se trata de la inteligencia humana o de la capacidad intelectual de la que podemos estar m\u00e1s o menos dotados -ha especificado-. Es una gracia que s\u00f3lo el Esp\u00edritu Santo puede infundir y que despierta en el cristiano la capacidad de ir m\u00e1s all\u00e1 de la apariencia exterior de la realidad y escrudi\u00f1ar en las profundidades del pensamiento de Dios y de su designio de salvaci\u00f3n&#8221;.<\/p>\n<p align=\"justify\">Francisco ha recordado las palabras del ap\u00f3stol Pablo, cuando dirigi\u00e9ndose a la comunidad de Corintio describi\u00f3 los efectos de este don: &#8221;Esas cosas que los ojos no ven, que los o\u00eddos no escuchan y que nunca entrar\u00e1n en el coraz\u00f3n del hombre, Dios las ha preparado para aquellos que le aman. Pero a nosotros, Dios nos las ha revelado por medio del Esp\u00edritu Santo&#8221;.<\/p>\n<p align=\"justify\">&#8221;Esto no quiere decir que un cristiano pueda comprender todo y tener pleno conocimiento de los dise\u00f1os de Dios -ha destacado el Pont\u00edfice-. Pero, como sugiere la palabra en s\u00ed, el intelecto permite &#8221;intus legere&#8221;, &#8221;leer dentro&#8221;. Este don nos hace entender las cosas como las entiende Dios, con la inteligencia de Dios&#8230; Es un don estrechamente conectado con la fe. Cuando el Esp\u00edritu Santo habita en nuestro coraz\u00f3n e ilumina nuestra mente, d\u00eda tras d\u00eda hace que aumente la comprensi\u00f3n de aquello que el Se\u00f1or ha dicho y ha cumplido&#8221;.<\/p>\n<p align=\"justify\">Francisco ha explicado que lo mismo les sucedi\u00f3 a los ap\u00f3stoles del camino de Ema\u00fas, que no conocieron a Jes\u00fas porque no eran capaces. &#8221;Pero cuando el Se\u00f1or les explica sus Escrituras para que entiendan que \u00c9l deb\u00eda sufrir y morir para m\u00e1s tarde resurgir, -ha dicho- sus mentes se abren y en en sus corazones se enciende de nuevo la esperanza. Esto es lo que hace el Esp\u00edritu Santo con nosotros&#8221;.<\/p>\n<p align=\"justify\">&nbsp;<\/p>\n<p align=\"justify\">Ciudad del Vaticano, 30 abril 2014 (VIS).-<\/p>\n","protected":false},"excerpt":{"rendered":"<p>Catequesis del Papa Francisco en la audiencia generales sobre segundo don del Esp\u00edritu Santo Segundo don del Esp\u00edritu Santo: \u201cEntender las cosas con la inteligencia de Dios\u201d Prosiguiendo con la catequesis sobre los siete dones del Esp\u00edritu Santo, el Papa Francisco se ha centrado en la audiencia general de este mi\u00e9rcoles sobre el intelecto. &#8221;No &hellip; <a href=\"https:\/\/www.biblia.work\/sermones\/catequesis-del-papa-francisco-en-la-audiencia-generales-sobre-segundo-don-del-espiritu-santo\/\" class=\"more-link\">Continuar leyendo<span class=\"screen-reader-text\"> \u00abCatequesis del Papa Francisco en la audiencia generales sobre segundo don del Esp\u00edritu Santo\u00bb<\/span><\/a><\/p>\n","protected":false},"author":1,"featured_media":0,"comment_status":"open","ping_status":"closed","sticky":false,"template":"","format":"standard","meta":{"footnotes":""},"categories":[1],"tags":[],"class_list":["post-37709","post","type-post","status-publish","format-standard","hentry","category-general"],"_links":{"self":[{"href":"https:\/\/www.biblia.work\/sermones\/wp-json\/wp\/v2\/posts\/37709","targetHints":{"allow":["GET"]}}],"collection":[{"href":"https:\/\/www.biblia.work\/sermones\/wp-json\/wp\/v2\/posts"}],"about":[{"href":"https:\/\/www.biblia.work\/sermones\/wp-json\/wp\/v2\/types\/post"}],"author":[{"embeddable":true,"href":"https:\/\/www.biblia.work\/sermones\/wp-json\/wp\/v2\/users\/1"}],"replies":[{"embeddable":true,"href":"https:\/\/www.biblia.work\/sermones\/wp-json\/wp\/v2\/comments?post=37709"}],"version-history":[{"count":0,"href":"https:\/\/www.biblia.work\/sermones\/wp-json\/wp\/v2\/posts\/37709\/revisions"}],"wp:attachment":[{"href":"https:\/\/www.biblia.work\/sermones\/wp-json\/wp\/v2\/media?parent=37709"}],"wp:term":[{"taxonomy":"category","embeddable":true,"href":"https:\/\/www.biblia.work\/sermones\/wp-json\/wp\/v2\/categories?post=37709"},{"taxonomy":"post_tag","embeddable":true,"href":"https:\/\/www.biblia.work\/sermones\/wp-json\/wp\/v2\/tags?post=37709"}],"curies":[{"name":"wp","href":"https:\/\/api.w.org\/{rel}","templated":true}]}}