{"id":37710,"date":"2016-06-21T14:55:33","date_gmt":"2016-06-21T19:55:33","guid":{"rendered":"http:\/\/www.biblia.work\/sermones\/encuentro-del-papa-francisco-con-el-consejo-de-cardenales-del-28-al-30-de-abril\/"},"modified":"2016-06-21T14:55:33","modified_gmt":"2016-06-21T19:55:33","slug":"encuentro-del-papa-francisco-con-el-consejo-de-cardenales-del-28-al-30-de-abril","status":"publish","type":"post","link":"https:\/\/www.biblia.work\/sermones\/encuentro-del-papa-francisco-con-el-consejo-de-cardenales-del-28-al-30-de-abril\/","title":{"rendered":"Encuentro del Papa Francisco con el Consejo de cardenales, del 28 al 30 de abril"},"content":{"rendered":"<p align=\"justify\">Encuentro del Papa Francisco con el Consejo de cardenales, del 28 al 30 de abril<\/p>\n<p align=\"justify\">El Consejo de Cardenales comenz\u00f3 en la ma\u00f1ana de ayer lunes, 28 de abril, las reuniones de su cuarto encuentro. El Santo Padre participa durante la mayor parte del tiempo, a menos que tenga otros compromisos de particular importancia como la audiencia a los reyes de Espa\u00f1a el lunes por la ma\u00f1ana, la del presidente del Paraguay (hoy) y la audiencia general del mi\u00e9rcoles.<\/p>\n<p align=\"justify\">Adem\u00e1s de los ocho cardenales miembros del Consejo tambi\u00e9n participa regularmente a las reuniones el cardenal Pietro Parolin Secretario de Estado .<\/p>\n<p align=\"justify\">El lunes por la tarde, el Consejo escuch\u00f3 un informe del Prof. Joseph F.X. Zahra Presidente de la Pontificia Comisi\u00f3n Referente de Estudio y Gu\u00eda para los Asuntos Econ\u00f3micos y Administrativos de la Santa Sede ( Co?ea ),sobre algunos sectores de las actividades analizadas por dicha comisi\u00f3n.<\/p>\n<p align=\"justify\">Si en las precedentes reuniones el Consejo examin\u00f3 las Congregaciones de la Curia Romana , ahora hace lo propio con los Pontificios Consejos, comenzando con consideraciones generales y m\u00e1s tarde uno por uno. Es previsible que durante este encuentro se complete un primer an\u00e1lisis de la situaci\u00f3n de los Pontificios Consejos.<\/p>\n<p align=\"justify\">El Consejo de Cardenales prev\u00e9 una nueva reuni\u00f3n, que esta vez durar\u00e1 cuatro d\u00edas, en el mes de julio (1-4 de julio).<\/p>\n<p align=\"justify\">El trabajo por hacer todav\u00eda es mucho por lo que no debe esperar que finalice este a\u00f1o, sino el pr\u00f3ximo.<\/p>\n<p align=\"justify\">Las anteriores reuniones del Consejo tuvieron lugar los d\u00edas 1-3 de octubre de 2013, 3 &#8211; 5 diciembre 2013 y 17-19 de febrero de 2014.<\/p>\n<p align=\"justify\">Por otra parte el pr\u00f3ximo viernes, 2 de mayo, se reunir\u00e1 por primera vez el nuevo Consejo de Econom\u00eda.<\/p>\n<p align=\"justify\">Ciudad del Vaticano, 29 abril 2014 (VIS).<\/p>\n","protected":false},"excerpt":{"rendered":"<p>Encuentro del Papa Francisco con el Consejo de cardenales, del 28 al 30 de abril El Consejo de Cardenales comenz\u00f3 en la ma\u00f1ana de ayer lunes, 28 de abril, las reuniones de su cuarto encuentro. El Santo Padre participa durante la mayor parte del tiempo, a menos que tenga otros compromisos de particular importancia como &hellip; <a href=\"https:\/\/www.biblia.work\/sermones\/encuentro-del-papa-francisco-con-el-consejo-de-cardenales-del-28-al-30-de-abril\/\" class=\"more-link\">Continuar leyendo<span class=\"screen-reader-text\"> \u00abEncuentro del Papa Francisco con el Consejo de cardenales, del 28 al 30 de abril\u00bb<\/span><\/a><\/p>\n","protected":false},"author":1,"featured_media":0,"comment_status":"open","ping_status":"closed","sticky":false,"template":"","format":"standard","meta":{"footnotes":""},"categories":[1],"tags":[],"class_list":["post-37710","post","type-post","status-publish","format-standard","hentry","category-general"],"_links":{"self":[{"href":"https:\/\/www.biblia.work\/sermones\/wp-json\/wp\/v2\/posts\/37710","targetHints":{"allow":["GET"]}}],"collection":[{"href":"https:\/\/www.biblia.work\/sermones\/wp-json\/wp\/v2\/posts"}],"about":[{"href":"https:\/\/www.biblia.work\/sermones\/wp-json\/wp\/v2\/types\/post"}],"author":[{"embeddable":true,"href":"https:\/\/www.biblia.work\/sermones\/wp-json\/wp\/v2\/users\/1"}],"replies":[{"embeddable":true,"href":"https:\/\/www.biblia.work\/sermones\/wp-json\/wp\/v2\/comments?post=37710"}],"version-history":[{"count":0,"href":"https:\/\/www.biblia.work\/sermones\/wp-json\/wp\/v2\/posts\/37710\/revisions"}],"wp:attachment":[{"href":"https:\/\/www.biblia.work\/sermones\/wp-json\/wp\/v2\/media?parent=37710"}],"wp:term":[{"taxonomy":"category","embeddable":true,"href":"https:\/\/www.biblia.work\/sermones\/wp-json\/wp\/v2\/categories?post=37710"},{"taxonomy":"post_tag","embeddable":true,"href":"https:\/\/www.biblia.work\/sermones\/wp-json\/wp\/v2\/tags?post=37710"}],"curies":[{"name":"wp","href":"https:\/\/api.w.org\/{rel}","templated":true}]}}