{"id":37713,"date":"2016-06-21T14:55:45","date_gmt":"2016-06-21T19:55:45","guid":{"rendered":"http:\/\/www.biblia.work\/sermones\/el-padre-szmydki-omi-es-nombrado-secretario-general-de-la-pontificia-obra-de-la-propagacion-de-la-fe\/"},"modified":"2016-06-21T14:55:45","modified_gmt":"2016-06-21T19:55:45","slug":"el-padre-szmydki-omi-es-nombrado-secretario-general-de-la-pontificia-obra-de-la-propagacion-de-la-fe","status":"publish","type":"post","link":"https:\/\/www.biblia.work\/sermones\/el-padre-szmydki-omi-es-nombrado-secretario-general-de-la-pontificia-obra-de-la-propagacion-de-la-fe\/","title":{"rendered":"El padre Szmydki, OMI, es nombrado secretario general de la Pontificia Obra de la Propagaci\u00f3n de la Fe"},"content":{"rendered":"<h5>El padre Szmydki, OMI, es nombrado Secretario general de la Pontificia Obra de la Propagaci\u00f3n de la Fe<\/h5>\n<p align=\"justify\">El Card. <strong>Fernando Filoni<\/strong>, Prefecto de la Congregaci\u00f3n para la Evangelizaci\u00f3n de los Pueblos, el 3 de abril de 2014 ha<strong> nombrado al p. Ryszard Szmydki<\/strong>, de los Misioneros Oblatos de Maria Inmaculada (OMI), Secretario general de la Pontificia Obra de la Propagaci\u00f3n de la Fe.<br \/>\nP. Szmydki naci\u00f3 el 26 de abril de 1951 en Tarebiski, Polonia. En 1970 entr\u00f3 en la Congregaci\u00f3n de los Misioneros Oblatos de Maria Inmaculada. En el periodo de formaci\u00f3n ha trascurrido dos a\u00f1os en Camer\u00fan. Fue ordenado sacerdote el 2 de julio de 1978. Posteriormente obtuvo la Licenciatura en Teolog\u00eda dogm\u00e1tica en la Universidad Pontificia Urbaniana, y el Doctorado en la Universidad cat\u00f3lica de Lublino, donde ha ense\u00f1ado durante muchos a\u00f1os. En los cap\u00edtulos generales OMI del 1992 y del 1998 fue elegido como Asistente general encargado de las misiones. En 2005, regres\u00f3 a Polonia, fue nombrado Vicario provincial para las misiones. En 2010 fue elegido como Superior de la Provincia oblata de Polonia, y reelegido el 13 de septiembre de 2012. Es autor de numerosos estudios en el campo de la Teolog\u00eda dogm\u00e1tica y del ecumenismo. Habla polaco, italiano, franc\u00e9s e ingl\u00e9s.<br \/>\nLa Pontificia Obra para la Propagaci\u00f3n de la Fe, una de las cuatro Obras Misionarias Pontificias, fue fundada en 1822 en Lione (Francia) por la ven. Pauline Jaricot. Desarrolla la funci\u00f3n de promover la cooperaci\u00f3n misionaria en todas las comunidades cristianas, el cuidado de las vocaciones misioneras, la educaci\u00f3n al esp\u00edritu misionero y sobre todo promover las iniciativas para la recogida de ayudas materiales que culminan en la Jornada Mundial de Misiones. (SL) (Agencia Fides 25\/4\/2014)<\/p>\n<p align=\"justify\">Ciudad del Vaticano (Agencia Fides) \u2013<\/p>\n","protected":false},"excerpt":{"rendered":"<p>El padre Szmydki, OMI, es nombrado Secretario general de la Pontificia Obra de la Propagaci\u00f3n de la Fe El Card. Fernando Filoni, Prefecto de la Congregaci\u00f3n para la Evangelizaci\u00f3n de los Pueblos, el 3 de abril de 2014 ha nombrado al p. Ryszard Szmydki, de los Misioneros Oblatos de Maria Inmaculada (OMI), Secretario general de &hellip; <a href=\"https:\/\/www.biblia.work\/sermones\/el-padre-szmydki-omi-es-nombrado-secretario-general-de-la-pontificia-obra-de-la-propagacion-de-la-fe\/\" class=\"more-link\">Continuar leyendo<span class=\"screen-reader-text\"> \u00abEl padre Szmydki, OMI, es nombrado secretario general de la Pontificia Obra de la Propagaci\u00f3n de la Fe\u00bb<\/span><\/a><\/p>\n","protected":false},"author":1,"featured_media":0,"comment_status":"open","ping_status":"closed","sticky":false,"template":"","format":"standard","meta":{"footnotes":""},"categories":[1],"tags":[],"class_list":["post-37713","post","type-post","status-publish","format-standard","hentry","category-general"],"_links":{"self":[{"href":"https:\/\/www.biblia.work\/sermones\/wp-json\/wp\/v2\/posts\/37713","targetHints":{"allow":["GET"]}}],"collection":[{"href":"https:\/\/www.biblia.work\/sermones\/wp-json\/wp\/v2\/posts"}],"about":[{"href":"https:\/\/www.biblia.work\/sermones\/wp-json\/wp\/v2\/types\/post"}],"author":[{"embeddable":true,"href":"https:\/\/www.biblia.work\/sermones\/wp-json\/wp\/v2\/users\/1"}],"replies":[{"embeddable":true,"href":"https:\/\/www.biblia.work\/sermones\/wp-json\/wp\/v2\/comments?post=37713"}],"version-history":[{"count":0,"href":"https:\/\/www.biblia.work\/sermones\/wp-json\/wp\/v2\/posts\/37713\/revisions"}],"wp:attachment":[{"href":"https:\/\/www.biblia.work\/sermones\/wp-json\/wp\/v2\/media?parent=37713"}],"wp:term":[{"taxonomy":"category","embeddable":true,"href":"https:\/\/www.biblia.work\/sermones\/wp-json\/wp\/v2\/categories?post=37713"},{"taxonomy":"post_tag","embeddable":true,"href":"https:\/\/www.biblia.work\/sermones\/wp-json\/wp\/v2\/tags?post=37713"}],"curies":[{"name":"wp","href":"https:\/\/api.w.org\/{rel}","templated":true}]}}