{"id":37714,"date":"2016-06-21T14:55:49","date_gmt":"2016-06-21T19:55:49","guid":{"rendered":"http:\/\/www.biblia.work\/sermones\/el-cardenal-tauran-enviado-especial-al-santuario-de-san-agustin-de-hipona\/"},"modified":"2016-06-21T14:55:49","modified_gmt":"2016-06-21T19:55:49","slug":"el-cardenal-tauran-enviado-especial-al-santuario-de-san-agustin-de-hipona","status":"publish","type":"post","link":"https:\/\/www.biblia.work\/sermones\/el-cardenal-tauran-enviado-especial-al-santuario-de-san-agustin-de-hipona\/","title":{"rendered":"El cardenal Taur\u00e1n enviado especial al santuario de San Agust\u00edn de Hipona"},"content":{"rendered":"<p align=\"justify\">El cardenal Taur\u00e1n enviado especial al santuario de San Agust\u00edn de Hipona<\/p>\n<p align=\"justify\">Se public\u00f3 el 26 de abril la carta, fechada el 21 de marzo y escrita en lat\u00edn, en la que el Santo Padre nombra al <strong>cardenal Jean-Louis Tauran<\/strong>, Presidente del Pontificio Consejo para el Di\u00e1logo Interreligioso como su enviado <strong>especial a la consagraci\u00f3n del santuario de San Agust\u00edn de Hipona<\/strong> (recientemente restaurado) en el centenario de su elevaci\u00f3n a bas\u00edlica que tendr\u00e1 lugar en Annaba (Argelia) el 2 de mayo de 2014. La misi\u00f3n que acompa\u00f1a al cardenal est\u00e1 formada por monse\u00f1or Christian Mauvais, vicario general del la archidi\u00f3cesis de Argel y por el sacerdote Michel Guillaud, de la di\u00f3cesis de Constantine\/Hippone.<\/p>\n<p align=\"justify\">&nbsp;<\/p>\n<p align=\"justify\">Ciudad del Vaticano<\/p>\n","protected":false},"excerpt":{"rendered":"<p>El cardenal Taur\u00e1n enviado especial al santuario de San Agust\u00edn de Hipona Se public\u00f3 el 26 de abril la carta, fechada el 21 de marzo y escrita en lat\u00edn, en la que el Santo Padre nombra al cardenal Jean-Louis Tauran, Presidente del Pontificio Consejo para el Di\u00e1logo Interreligioso como su enviado especial a la consagraci\u00f3n &hellip; <a href=\"https:\/\/www.biblia.work\/sermones\/el-cardenal-tauran-enviado-especial-al-santuario-de-san-agustin-de-hipona\/\" class=\"more-link\">Continuar leyendo<span class=\"screen-reader-text\"> \u00abEl cardenal Taur\u00e1n enviado especial al santuario de San Agust\u00edn de Hipona\u00bb<\/span><\/a><\/p>\n","protected":false},"author":1,"featured_media":0,"comment_status":"open","ping_status":"closed","sticky":false,"template":"","format":"standard","meta":{"footnotes":""},"categories":[1],"tags":[],"class_list":["post-37714","post","type-post","status-publish","format-standard","hentry","category-general"],"_links":{"self":[{"href":"https:\/\/www.biblia.work\/sermones\/wp-json\/wp\/v2\/posts\/37714","targetHints":{"allow":["GET"]}}],"collection":[{"href":"https:\/\/www.biblia.work\/sermones\/wp-json\/wp\/v2\/posts"}],"about":[{"href":"https:\/\/www.biblia.work\/sermones\/wp-json\/wp\/v2\/types\/post"}],"author":[{"embeddable":true,"href":"https:\/\/www.biblia.work\/sermones\/wp-json\/wp\/v2\/users\/1"}],"replies":[{"embeddable":true,"href":"https:\/\/www.biblia.work\/sermones\/wp-json\/wp\/v2\/comments?post=37714"}],"version-history":[{"count":0,"href":"https:\/\/www.biblia.work\/sermones\/wp-json\/wp\/v2\/posts\/37714\/revisions"}],"wp:attachment":[{"href":"https:\/\/www.biblia.work\/sermones\/wp-json\/wp\/v2\/media?parent=37714"}],"wp:term":[{"taxonomy":"category","embeddable":true,"href":"https:\/\/www.biblia.work\/sermones\/wp-json\/wp\/v2\/categories?post=37714"},{"taxonomy":"post_tag","embeddable":true,"href":"https:\/\/www.biblia.work\/sermones\/wp-json\/wp\/v2\/tags?post=37714"}],"curies":[{"name":"wp","href":"https:\/\/api.w.org\/{rel}","templated":true}]}}