{"id":37717,"date":"2016-06-21T14:56:06","date_gmt":"2016-06-21T19:56:06","guid":{"rendered":"http:\/\/www.biblia.work\/sermones\/benedicto-xvi-si-estara-en-la-misa-de-la-canonizacion-de-juan-xxiii-y-juan-pablo-ii\/"},"modified":"2016-06-21T14:56:06","modified_gmt":"2016-06-21T19:56:06","slug":"benedicto-xvi-si-estara-en-la-misa-de-la-canonizacion-de-juan-xxiii-y-juan-pablo-ii","status":"publish","type":"post","link":"https:\/\/www.biblia.work\/sermones\/benedicto-xvi-si-estara-en-la-misa-de-la-canonizacion-de-juan-xxiii-y-juan-pablo-ii\/","title":{"rendered":"Benedicto XVI s\u00ed estar\u00e1 en la misa de la canonizaci\u00f3n de Juan XXIII y Juan Pablo II"},"content":{"rendered":"<p align=\"justify\">Benedicto XVI s\u00ed estar\u00e1 en la misa de la canonizaci\u00f3n de Juan XXIII y Juan Pablo II, y concelebrar\u00e1<br \/>\nEl Papa em\u00e9rito Benedicto XVI ha aceptado la invitaci\u00f3n y ha comunicado al Papa Francisco que estar\u00e1 presente en la Misa de canonizaci\u00f3n de Juan XXIII y de Juan Pablo II. <\/p>\n<p align=\"justify\">Lo anunci\u00f3 el Padre Federico Lombardi en la rueda de prensa de este s\u00e1bado por la ma\u00f1ana, en la Oficina de Prensa de la Santa Sede, a\u00f1adiendo que el Papa em\u00e9rito concelebrar\u00e1.<\/p>\n<p align=\"justify\">Ello no quiere decir que estar\u00e1 ante el altar, pero s\u00ed estar\u00e1 junto con los cardenales y obispos.<\/p>\n","protected":false},"excerpt":{"rendered":"<p>Benedicto XVI s\u00ed estar\u00e1 en la misa de la canonizaci\u00f3n de Juan XXIII y Juan Pablo II, y concelebrar\u00e1 El Papa em\u00e9rito Benedicto XVI ha aceptado la invitaci\u00f3n y ha comunicado al Papa Francisco que estar\u00e1 presente en la Misa de canonizaci\u00f3n de Juan XXIII y de Juan Pablo II. Lo anunci\u00f3 el Padre Federico &hellip; <a href=\"https:\/\/www.biblia.work\/sermones\/benedicto-xvi-si-estara-en-la-misa-de-la-canonizacion-de-juan-xxiii-y-juan-pablo-ii\/\" class=\"more-link\">Continuar leyendo<span class=\"screen-reader-text\"> \u00abBenedicto XVI s\u00ed estar\u00e1 en la misa de la canonizaci\u00f3n de Juan XXIII y Juan Pablo II\u00bb<\/span><\/a><\/p>\n","protected":false},"author":1,"featured_media":0,"comment_status":"open","ping_status":"closed","sticky":false,"template":"","format":"standard","meta":{"footnotes":""},"categories":[1],"tags":[],"class_list":["post-37717","post","type-post","status-publish","format-standard","hentry","category-general"],"_links":{"self":[{"href":"https:\/\/www.biblia.work\/sermones\/wp-json\/wp\/v2\/posts\/37717","targetHints":{"allow":["GET"]}}],"collection":[{"href":"https:\/\/www.biblia.work\/sermones\/wp-json\/wp\/v2\/posts"}],"about":[{"href":"https:\/\/www.biblia.work\/sermones\/wp-json\/wp\/v2\/types\/post"}],"author":[{"embeddable":true,"href":"https:\/\/www.biblia.work\/sermones\/wp-json\/wp\/v2\/users\/1"}],"replies":[{"embeddable":true,"href":"https:\/\/www.biblia.work\/sermones\/wp-json\/wp\/v2\/comments?post=37717"}],"version-history":[{"count":0,"href":"https:\/\/www.biblia.work\/sermones\/wp-json\/wp\/v2\/posts\/37717\/revisions"}],"wp:attachment":[{"href":"https:\/\/www.biblia.work\/sermones\/wp-json\/wp\/v2\/media?parent=37717"}],"wp:term":[{"taxonomy":"category","embeddable":true,"href":"https:\/\/www.biblia.work\/sermones\/wp-json\/wp\/v2\/categories?post=37717"},{"taxonomy":"post_tag","embeddable":true,"href":"https:\/\/www.biblia.work\/sermones\/wp-json\/wp\/v2\/tags?post=37717"}],"curies":[{"name":"wp","href":"https:\/\/api.w.org\/{rel}","templated":true}]}}