{"id":37718,"date":"2016-06-21T14:56:10","date_gmt":"2016-06-21T19:56:10","guid":{"rendered":"http:\/\/www.biblia.work\/sermones\/roncalli-y-wojtyla-pastores-entre-el-pueblo-de-dios\/"},"modified":"2016-06-21T14:56:10","modified_gmt":"2016-06-21T19:56:10","slug":"roncalli-y-wojtyla-pastores-entre-el-pueblo-de-dios","status":"publish","type":"post","link":"https:\/\/www.biblia.work\/sermones\/roncalli-y-wojtyla-pastores-entre-el-pueblo-de-dios\/","title":{"rendered":"Roncalli y Wojtyla, pastores entre el Pueblo de Dios"},"content":{"rendered":"<p align=\"justify\"><b style=\"color: #282828;\">REFLEXIONES EN FRONTERA,\u00a0<\/b><b style=\"color: #282828;\">jesuita Guillermo Ortiz<\/b><\/p>\n<p align=\"justify\">Uno de Italia y otro de Polonia. Roncalli de familia campesina, viene de campo adentro y trae ya \u2018olor a oveja\u2019; sentido de familia; de trabajo duro. El otro, Wojtyla, un hombre carism\u00e1tico, un obrero de canteras de piedra que se prepar\u00f3 clandestinamente para el sacerdocio. Los une que los dos pasaron por la silla de Pedro en Roma y la canonizaci\u00f3n el mismo d\u00eda.<\/p>\n<p align=\"justify\">Con la canonizaci\u00f3n de Roncalli y Wojtyla, se canonizan personas y no tiempos ni situaciones hist\u00f3ricas, pontificados. Se canonizan seres humanos que dentro de sus limitaciones y talentos respondieron de manera heroica a la llamada de Jes\u00fas. Lucharon por ser fieles a la generosidad del amor y la misericordia del Se\u00f1or y por eso se los propone como modelos de seguimiento de Jes\u00fas y se los reconoce como intercesores.<\/p>\n<p align=\"justify\">Roncalli y Wojtyla abrieron puertas en la Iglesia, salieron, intentaron el di\u00e1logo. Bergoglio como Cardenal y como Papa insisti\u00f3 siempre en la necesidad del trato personal con Jes\u00fas, para salir con Jes\u00fas puertas afuera. Descentrado el misionero de s\u00ed mismo, descentrada la Iglesia de si misma, por tener el centro en Jesucristo que sale a los pobres y d\u00e9biles para llevar el amor, la misericordia de Dios. Es el Esp\u00edritu del disc\u00edpulo misionero. Jes\u00fas envi\u00f3 a sus disc\u00edpulos \u201cvayan por el mundo y hagan que todos sean disc\u00edpulos m\u00edos bautiz\u00e1ndolos\u201d. Y Wojtyla sali\u00f3, recorri\u00f3 el mundo para encontrarse con la gente de Jes\u00fas. Se acerc\u00f3 a la gente con mucha humanidad y as\u00ed acerc\u00f3 a Jes\u00fas a la gente, acerc\u00f3 la Iglesia.<\/p>\n<p align=\"justify\">Jes\u00fas pidi\u00f3 a los disc\u00edpulos en el Cen\u00e1culo la comuni\u00f3n de la unidad: como yo estoy en el Padre y el padre en m\u00ed, as\u00ed, que todos sean uno para que el mundo crea. La unidad, la comuni\u00f3n, es como la condici\u00f3n de posibilidad de una evangelizaci\u00f3n; del contagio de la alegr\u00eda del Evangelio. Y esta comuni\u00f3n se expresa de manera particularidad en la colegialidad de la Iglesia, un tema importante para el Concilio Vaticano II y para Bergoglio. Y no cabe duda que \u00c1ngelo Roncalli fue un instrumento del Esp\u00edritu de Dios con la convocatoria al Concilio. Tambi\u00e9n muy humano y cercano al pueblo, a la gente. Un hombre de di\u00e1logo.<\/p>\n<p align=\"justify\">Aunque no se canonizan pontificados sino personas, es dif\u00edcil separar estas personalidades de su condici\u00f3n de pastores del Pueblo de Dios, con el Pueblo de Dios, entre el Pueblo de Dios. Junto a la infalibilidad papal sobre lo que hay que creer y obrar como cristianos, est\u00e1 la infalibilidad del Pueblo de Dios que no se equivoca en el modo de creer, en el modo de manifestar su fe en el Hijo de Dios Jes\u00fas de Nazaret. Roncalli y Wojtyla han hecho visible al mundo entero la Iglesia universal con el Concilio, con los viajes misioneros; han palpitado con la gente, entre la gente, para la gente.<\/p>\n<p align=\"justify\">Wojtyla, compartiendo la fe en Jes\u00fas, se hizo uno con el modo de expresar la fe de tantos miles de personas, que en distintos lugares del mundo tuvieron con \u00e9l una experiencia de Iglesia. Y son tantos los que a trav\u00e9s de Roncalli y con Wojtyla han conocido a este Jes\u00fas de la gente, Jes\u00fas del pueblo; se han sentido llamados a su seguimiento, a la oraci\u00f3n, al testimonio cristiano de vida.<\/p>\n<p align=\"justify\">Los dos se ganaron el cari\u00f1o de la gente. Es el Papa \u201cbueno\u201d, recuerdo bien que me dijo mi madre a la muerte de Juan XXIII, y me qued\u00f3. Y qu\u00e9 joven no se entusiasm\u00f3 con Juan Pablo II que hac\u00eda fiesta cantando con los j\u00f3venes esa canci\u00f3n que habla de Jes\u00fas que viene a la orilla, me mira a los ojos, dice mi nombre sonriendo y me llama a seguirlo.<\/p>\n<p align=\"justify\">Jes\u00fas bueno, Hijo del Padre misericordioso, que nos mira a los ojos y nos llama por el nombre, es una bella imagen de aquel a quien \u00c1ngelo Roncalli y Carol Wojtyla entregaron sus vidas con coherencia, generosidad y amor. Ellos transparentaron; hicieron visible a este Jes\u00fas bueno que llama por el nombre. Un Jes\u00fas que tambi\u00e9n hoy quiere atraer a todos hacia s\u00ed con su amor para curarnos del mal y llenarnos con la fuerza de su vida plena.<\/p>\n<p align=\"justify\">Por eso, m\u00e1s all\u00e1 de todo, si miramos bien, entiendo que lo m\u00e1s profundo y genuino de estas vidas y personalidades aparece Jes\u00fas, que es el m\u00e1s importante, que es el centro; ese Jes\u00fas que nos mira a los ojos y nos llama por nuestro nombre. Ese Jes\u00fas que nos ama y nos perdona.<\/p>\n","protected":false},"excerpt":{"rendered":"<p>REFLEXIONES EN FRONTERA,\u00a0jesuita Guillermo Ortiz Uno de Italia y otro de Polonia. Roncalli de familia campesina, viene de campo adentro y trae ya \u2018olor a oveja\u2019; sentido de familia; de trabajo duro. El otro, Wojtyla, un hombre carism\u00e1tico, un obrero de canteras de piedra que se prepar\u00f3 clandestinamente para el sacerdocio. Los une que los &hellip; <a href=\"https:\/\/www.biblia.work\/sermones\/roncalli-y-wojtyla-pastores-entre-el-pueblo-de-dios\/\" class=\"more-link\">Continuar leyendo<span class=\"screen-reader-text\"> \u00abRoncalli y Wojtyla, pastores entre el Pueblo de Dios\u00bb<\/span><\/a><\/p>\n","protected":false},"author":1,"featured_media":0,"comment_status":"open","ping_status":"closed","sticky":false,"template":"","format":"standard","meta":{"footnotes":""},"categories":[1],"tags":[],"class_list":["post-37718","post","type-post","status-publish","format-standard","hentry","category-general"],"_links":{"self":[{"href":"https:\/\/www.biblia.work\/sermones\/wp-json\/wp\/v2\/posts\/37718","targetHints":{"allow":["GET"]}}],"collection":[{"href":"https:\/\/www.biblia.work\/sermones\/wp-json\/wp\/v2\/posts"}],"about":[{"href":"https:\/\/www.biblia.work\/sermones\/wp-json\/wp\/v2\/types\/post"}],"author":[{"embeddable":true,"href":"https:\/\/www.biblia.work\/sermones\/wp-json\/wp\/v2\/users\/1"}],"replies":[{"embeddable":true,"href":"https:\/\/www.biblia.work\/sermones\/wp-json\/wp\/v2\/comments?post=37718"}],"version-history":[{"count":0,"href":"https:\/\/www.biblia.work\/sermones\/wp-json\/wp\/v2\/posts\/37718\/revisions"}],"wp:attachment":[{"href":"https:\/\/www.biblia.work\/sermones\/wp-json\/wp\/v2\/media?parent=37718"}],"wp:term":[{"taxonomy":"category","embeddable":true,"href":"https:\/\/www.biblia.work\/sermones\/wp-json\/wp\/v2\/categories?post=37718"},{"taxonomy":"post_tag","embeddable":true,"href":"https:\/\/www.biblia.work\/sermones\/wp-json\/wp\/v2\/tags?post=37718"}],"curies":[{"name":"wp","href":"https:\/\/api.w.org\/{rel}","templated":true}]}}