{"id":37719,"date":"2016-06-21T14:56:14","date_gmt":"2016-06-21T19:56:14","guid":{"rendered":"http:\/\/www.biblia.work\/sermones\/mons-julian-barrio-asiste-este-domingo-en-roma-a-las-canonizaciones-de-juan-pablo-ii-y-juan-xxiii\/"},"modified":"2016-06-21T14:56:14","modified_gmt":"2016-06-21T19:56:14","slug":"mons-julian-barrio-asiste-este-domingo-en-roma-a-las-canonizaciones-de-juan-pablo-ii-y-juan-xxiii","status":"publish","type":"post","link":"https:\/\/www.biblia.work\/sermones\/mons-julian-barrio-asiste-este-domingo-en-roma-a-las-canonizaciones-de-juan-pablo-ii-y-juan-xxiii\/","title":{"rendered":"Mons. Juli\u00e1n Barrio asiste este domingo en Roma a las canonizaciones de Juan Pablo II y Juan XXIII"},"content":{"rendered":"<p style=\"text-align: justify;\"><strong>Mons. Juli\u00e1n Barrio asiste este domingo en Roma a las canonizaciones de Juan Pablo II y Juan XXIII<\/strong><\/p>\n<p style=\"text-align: justify;\">El arzobispo compostelano asegura que se trata de un \u201cacontecimiento singular\u201d y destaca la importancia de sus figuras en la reciente historia de la Iglesia<\/p>\n<p style=\"text-align: justify;\">\u00a0\u00a0\u00a0\u00a0\u00a0\u00a0\u00a0\u00a0 <strong>Santiago, 25 de abril de 2014.- <\/strong>El arzobispo de Santiago de Compostela, monse\u00f1or Juli\u00e1n Barrio, asiste este domingo en Roma a las canonizaciones de los Papas Juan XXIII y Juan Pablo II, una ceremonia que presidir\u00e1 el Papa Francisco y en la que tambi\u00e9n estar\u00e1 presente el pont\u00edfice em\u00e9rito Benedicto XVI. En su comentario semanal de los viernes en la Cadena COPE, el arzobispo compostelano se\u00f1ala que \u201ceste fin de semana Roma acoger\u00e1 un verdadero acontecimiento singular en la vida de la Iglesia. La canonizaci\u00f3n de los Papas Juan XXIII y Juan Pablo II el Domingo de la Misericordia es, sin duda, un don providencial. Estos dos pont\u00edfices fueron verdaderas \u201cpiedras miliares\u201d en la reciente historia de la Iglesia y proyectaron al mundo, en sus respectivos pontificados, la imagen de una comunidad de los creyentes siempre renovada y siempre fiel a Cristo resucitado, Camino, Verdad y Vida\u201d.<\/p>\n<p style=\"text-align: justify;\">\u00a0\u00a0\u00a0\u00a0\u00a0\u00a0\u00a0\u00a0 Monse\u00f1or Barrio explica, adem\u00e1s, que \u201ccomo pastor de esta di\u00f3cesis de Santiago participar\u00e9 en este acontecimiento de la Iglesia universal. Es una ocasi\u00f3n m\u00e1s para reforzar los v\u00ednculos de unidad en la caridad y de comuni\u00f3n con el Sucesor de Pedro. Asistir a la canonizaci\u00f3n de Juan XXIII y de Juan Pablo II es una manifestaci\u00f3n de la cercan\u00eda de nuestra Iglesia local a la Sede de Pedro y un agradecimiento cordial a todo cuanto hicieron estos dos amados Papas por la difusi\u00f3n del fen\u00f3meno de la peregrinaci\u00f3n a Compostela como imagen de la vida del cristiano siempre en camino hacia la ciudadan\u00eda de los santos\u201d.<\/p>\n<p style=\"text-align: justify;\">\u00a0\u00a0\u00a0\u00a0\u00a0\u00a0\u00a0\u00a0 \u201cLa Iglesia\u201d, asegura monse\u00f1or Barrio, \u201cnos los propone como ejemplos o como modelo pensando que sus vidas\u00a0 se orientaron siempre a Dios, aplicando su sabidur\u00eda a la fe\u201d.<\/p>\n","protected":false},"excerpt":{"rendered":"<p>Mons. Juli\u00e1n Barrio asiste este domingo en Roma a las canonizaciones de Juan Pablo II y Juan XXIII El arzobispo compostelano asegura que se trata de un \u201cacontecimiento singular\u201d y destaca la importancia de sus figuras en la reciente historia de la Iglesia \u00a0\u00a0\u00a0\u00a0\u00a0\u00a0\u00a0\u00a0 Santiago, 25 de abril de 2014.- El arzobispo de Santiago de &hellip; <a href=\"https:\/\/www.biblia.work\/sermones\/mons-julian-barrio-asiste-este-domingo-en-roma-a-las-canonizaciones-de-juan-pablo-ii-y-juan-xxiii\/\" class=\"more-link\">Continuar leyendo<span class=\"screen-reader-text\"> \u00abMons. Juli\u00e1n Barrio asiste este domingo en Roma a las canonizaciones de Juan Pablo II y Juan XXIII\u00bb<\/span><\/a><\/p>\n","protected":false},"author":1,"featured_media":0,"comment_status":"open","ping_status":"closed","sticky":false,"template":"","format":"standard","meta":{"footnotes":""},"categories":[1],"tags":[],"class_list":["post-37719","post","type-post","status-publish","format-standard","hentry","category-general"],"_links":{"self":[{"href":"https:\/\/www.biblia.work\/sermones\/wp-json\/wp\/v2\/posts\/37719","targetHints":{"allow":["GET"]}}],"collection":[{"href":"https:\/\/www.biblia.work\/sermones\/wp-json\/wp\/v2\/posts"}],"about":[{"href":"https:\/\/www.biblia.work\/sermones\/wp-json\/wp\/v2\/types\/post"}],"author":[{"embeddable":true,"href":"https:\/\/www.biblia.work\/sermones\/wp-json\/wp\/v2\/users\/1"}],"replies":[{"embeddable":true,"href":"https:\/\/www.biblia.work\/sermones\/wp-json\/wp\/v2\/comments?post=37719"}],"version-history":[{"count":0,"href":"https:\/\/www.biblia.work\/sermones\/wp-json\/wp\/v2\/posts\/37719\/revisions"}],"wp:attachment":[{"href":"https:\/\/www.biblia.work\/sermones\/wp-json\/wp\/v2\/media?parent=37719"}],"wp:term":[{"taxonomy":"category","embeddable":true,"href":"https:\/\/www.biblia.work\/sermones\/wp-json\/wp\/v2\/categories?post=37719"},{"taxonomy":"post_tag","embeddable":true,"href":"https:\/\/www.biblia.work\/sermones\/wp-json\/wp\/v2\/tags?post=37719"}],"curies":[{"name":"wp","href":"https:\/\/api.w.org\/{rel}","templated":true}]}}