{"id":37720,"date":"2016-06-21T14:56:23","date_gmt":"2016-06-21T19:56:23","guid":{"rendered":"http:\/\/www.biblia.work\/sermones\/el-papa-francisco-felicita-a-los-compatriotas-de-los-proximos-dos-papas-santos\/"},"modified":"2016-06-21T14:56:23","modified_gmt":"2016-06-21T19:56:23","slug":"el-papa-francisco-felicita-a-los-compatriotas-de-los-proximos-dos-papas-santos","status":"publish","type":"post","link":"https:\/\/www.biblia.work\/sermones\/el-papa-francisco-felicita-a-los-compatriotas-de-los-proximos-dos-papas-santos\/","title":{"rendered":"El Papa Francisco felicita a los compatriotas de los pr\u00f3ximos dos papas santos"},"content":{"rendered":"<p align=\"justify\"><strong>El Papa Francisco felicita a los compatriotas de los pr\u00f3ximos dos papas santos<\/strong><\/p>\n<p align=\"justify\">Ciudad del Vaticano, 25 abril 2014 (VIS).- El Santo Padre ha enviado un v\u00eddeo mensaje a los fieles polacos, compatriotas del Papa Juan Pablo II, y un mensaje escrito a los ciudadanos de B\u00e9rgamo, provincia a la que pertenece el pueblo de &#8221;Sotto il Monte&#8221; en el que naci\u00f3 el Papa Juan XXIII.<\/p>\n<p align=\"justify\">En el v\u00eddeo mensaje, retransmitido por la Televisi\u00f3n Polaca (TVP) y por la Radio polaca, el Papa reconoce su alegr\u00eda por haber sido llamado a proclamar la santidad de Juan Pablo II y agradece al Papa polaco &#8221;su incansable servicio, su gu\u00eda espiritual, el haber introducido a la Iglesia en el tercer milenio de la fe y su extraordinario testimonio de santidad&#8221;. Francisco recuerda las palabras que el Papa em\u00e9rito Benedicto XVI utiliz\u00f3 para describir al Papa Wojtyla en la homil\u00eda de beatificaci\u00f3n de mayo de 2011: &#8221;Ha abierto a Cristo la sociedad, la cultura, los sistemas pol\u00edticos y econ\u00f3micos, invirtiendo con la fuerza de un gigante -fuerza que le ven\u00eda de Dios- una tendencia que podr\u00eda parecer irreversible. Con su testimonio de fe, de amor y de valor apost\u00f3lico, acompa\u00f1ado de un gran carisma humano, este hijo ejemplar de la naci\u00f3n polaca ayud\u00f3 a los cristianos de todo el mundo a no tener miedo de llamarse cristianos, de pertenecer a la Iglesia, de hablar del Evangelio. En una palabra: \u00e9l nos ayud\u00f3 a no tener miedo de la verdad, porque la verdad es garant\u00eda de libertad&#8221;.<\/p>\n<p align=\"justify\">Por otra parte, Francisco, en el texto enviado a los bergamascos, publicado en el peri\u00f3dico provincial de la ciudad &#8221;L&#8217;Eco di Bergamo&#8221;, en el que el Papa Roncalli colabor\u00f3 durante sus a\u00f1os de sacerdote, invita a los ciudadanos a &#8221;dar gracias al Se\u00f1or por el gran don que su Santidad ha sido para la Iglesia universal&#8221;, anim\u00e1ndoles a &#8221;apreciar la memoria de la tierra en la que se ha germinado. Una tierra hecha de profunda fe vivida en la vida cotidiana, de familias pobres, pero unidas por el amor del Se\u00f1or, y de comunidades capaces de compartir en la simplicidad&#8221;.<\/p>\n<p align=\"justify\">El Papa recuerda que la renovaci\u00f3n propuesta por el Concilio Vaticano II abri\u00f3 un camino y que &#8221;es motivo de alegr\u00eda especial que la canonizaci\u00f3n del Papa Roncalli se produzca junto con la del beato Juan Pablo II, que durante su largo pontificado continu\u00f3 esa renovaci\u00f3n&#8221;. Asimismo el Papa espera que &#8221;la sociedad civil pueda inspirarse siempre en la vida del Papa de B\u00e9rgamo y en el ambiente que lo cre\u00f3, buscando formas nuevas y adaptadas a los tiempos con el fin de construir una vida basada en los valores perennes de la fraternidad y de la solidaridad&#8221;<\/p>\n<p align=\"justify\">&nbsp;<\/p>\n","protected":false},"excerpt":{"rendered":"<p>El Papa Francisco felicita a los compatriotas de los pr\u00f3ximos dos papas santos Ciudad del Vaticano, 25 abril 2014 (VIS).- El Santo Padre ha enviado un v\u00eddeo mensaje a los fieles polacos, compatriotas del Papa Juan Pablo II, y un mensaje escrito a los ciudadanos de B\u00e9rgamo, provincia a la que pertenece el pueblo de &hellip; <a href=\"https:\/\/www.biblia.work\/sermones\/el-papa-francisco-felicita-a-los-compatriotas-de-los-proximos-dos-papas-santos\/\" class=\"more-link\">Continuar leyendo<span class=\"screen-reader-text\"> \u00abEl Papa Francisco felicita a los compatriotas de los pr\u00f3ximos dos papas santos\u00bb<\/span><\/a><\/p>\n","protected":false},"author":1,"featured_media":0,"comment_status":"open","ping_status":"closed","sticky":false,"template":"","format":"standard","meta":{"footnotes":""},"categories":[1],"tags":[],"class_list":["post-37720","post","type-post","status-publish","format-standard","hentry","category-general"],"_links":{"self":[{"href":"https:\/\/www.biblia.work\/sermones\/wp-json\/wp\/v2\/posts\/37720","targetHints":{"allow":["GET"]}}],"collection":[{"href":"https:\/\/www.biblia.work\/sermones\/wp-json\/wp\/v2\/posts"}],"about":[{"href":"https:\/\/www.biblia.work\/sermones\/wp-json\/wp\/v2\/types\/post"}],"author":[{"embeddable":true,"href":"https:\/\/www.biblia.work\/sermones\/wp-json\/wp\/v2\/users\/1"}],"replies":[{"embeddable":true,"href":"https:\/\/www.biblia.work\/sermones\/wp-json\/wp\/v2\/comments?post=37720"}],"version-history":[{"count":0,"href":"https:\/\/www.biblia.work\/sermones\/wp-json\/wp\/v2\/posts\/37720\/revisions"}],"wp:attachment":[{"href":"https:\/\/www.biblia.work\/sermones\/wp-json\/wp\/v2\/media?parent=37720"}],"wp:term":[{"taxonomy":"category","embeddable":true,"href":"https:\/\/www.biblia.work\/sermones\/wp-json\/wp\/v2\/categories?post=37720"},{"taxonomy":"post_tag","embeddable":true,"href":"https:\/\/www.biblia.work\/sermones\/wp-json\/wp\/v2\/tags?post=37720"}],"curies":[{"name":"wp","href":"https:\/\/api.w.org\/{rel}","templated":true}]}}