{"id":37722,"date":"2016-06-21T14:56:32","date_gmt":"2016-06-21T19:56:32","guid":{"rendered":"http:\/\/www.biblia.work\/sermones\/mensaje-del-pontificio-consejo-para-el-dialogo-interreligioso-a-los-seguidores-del-budismo\/"},"modified":"2016-06-21T14:56:32","modified_gmt":"2016-06-21T19:56:32","slug":"mensaje-del-pontificio-consejo-para-el-dialogo-interreligioso-a-los-seguidores-del-budismo","status":"publish","type":"post","link":"https:\/\/www.biblia.work\/sermones\/mensaje-del-pontificio-consejo-para-el-dialogo-interreligioso-a-los-seguidores-del-budismo\/","title":{"rendered":"Mensaje del Pontificio Consejo para el Di\u00e1logo Interreligioso a los seguidores del budismo"},"content":{"rendered":"<p align=\"justify\"><strong>Mensaje del Pontificio Consejo para el Di\u00e1logo Interreligioso a los seguidores del budismo<\/strong><\/p>\n<p align=\"justify\"><strong>Budistas y cristianos: promovamos el crecimiento de la fraternidad<\/strong><\/p>\n<p align=\"justify\">El cardenal <strong>Jean-Louis Tauran<\/strong> y el Padre <strong>Miguel Angel Ayuso Guixot<\/strong>, MCCJ, respectivamente presidente y secretario del Pontificio Consejo para el Di\u00e1logo Interreligioso <strong>firman el mensaje que, con motivo de la festividad de Vesakh<\/strong>, ese dicasterio dirige anualmente <strong>a los seguidores del budismo<\/strong>.<\/p>\n<p align=\"justify\">Vesakh es la principal festividad budista que recuerda los tres momentos fundamentales de la vida de Gautama Buda. Seg\u00fan la tradici\u00f3n, el Buda hist\u00f3rico naci\u00f3, obtuvo la iluminaci\u00f3n y desapareci\u00f3 alcanzando el Nirvana durante la luna llena del mes de mayo. Es, por lo tanto, una festividad m\u00f3vil seg\u00fan los diferentes pa\u00edses. En estos d\u00edas los seguidores del budismo decoran sus hogares con flores y los perfuman con incienso, visitan los templos locales, escuchan las ense\u00f1anzas de los monjes y les ofrecen dones.<\/p>\n<p align=\"justify\">El mensaje de este a\u00f1o se titula:&#8221;Budistas y cristianos: promovamos juntos el crecimiento de la fraternidad. Ofrecemos amplios extractos del texto:<\/p>\n<p align=\"justify\">Nuestra felicitaci\u00f3n se inspira este a\u00f1o en el mensaje del Papa Francisco para la Jornada Mundial de la Paz, de 2014, titulado &#8221;La Fraternidad, fundamento y camino a la Paz&#8221;, en el que se se\u00f1ala que &#8216;la fraternidad es una dimensi\u00f3n esencial del hombre, que es un ser relacional. La viva conciencia de este car\u00e1cter relacional nos lleva a ver y a tratar a cada persona como una verdadera hermana y un verdadero hermano; sin ella, es imposible la construcci\u00f3n de una sociedad justa, de una paz estable y duradera&#8217;.<\/p>\n<p align=\"justify\">Vuestra tradici\u00f3n religiosa inspira la convicci\u00f3n de que las relaciones amistosas , el di\u00e1logo , el intercambio de regalos, y el intercambio armonioso y respetuoso de puntos de vista conducen a una actitud de bondad y de amor, que a su vez genera relaciones aut\u00e9nticas y fraternas. Tambi\u00e9n est\u00e1is convencidos de que las ra\u00edces de todos los males sean la ignorancia y la incomprensi\u00f3n que nacen de la codicia y del odio y que , a su vez , destruyen los lazos de hermandad . Desafortunadamente, &#8216;el ego\u00edsmo cotidiano, que est\u00e1 en el fondo de tantas guerras e injusticias&#8217; nos impide ver a los otros &#8216;como seres hechos para la reciprocidad, para la comuni\u00f3n y para el don.?<\/p>\n<p align=\"justify\">Nosotros, los budistas y los cristianos vivimos en un mundodemasiado a menudo desgarrado por la opresi\u00f3n, el ego\u00edsmo, el tribalismo, la rivalidad \u00e9tnica, la violencia y el fundamentalismo religioso; un mundo donde se trata al &#8221;otro &#8221; se trata como a un ser inferior, una no-persona , o alguien a quien temer y, si es posible, eliminar. Sin embargo, estamos llamados, en esp\u00edritu de cooperaci\u00f3n con otros peregrinos y con las personas de buena voluntad a respetar y defender nuestra humanidad com\u00fan en los diversos contextos socio- econ\u00f3micos, pol\u00edticos y religiosos. Bas\u00e1ndonos en nuestras diferentes creencias religiosas, estamos llamados , en particular , a ser francos en la denuncia de todos los males sociales que perjudican a la fraternidad ; a ser cuidadores que ayudan a otros a crecer en la generosidad desinteresada, y a ser reconciliadores que derriban los muros de divisi\u00f3n y promueven en la sociedad una verdadera fraternidad entre personas y grupos.<\/p>\n<p align=\"justify\">Asistimos en el mundo de hoy al crecimiento del sentido de nuestra humanidad com\u00fan y de una b\u00fasqueda global de un mundo m\u00e1s justo, pac\u00edfico y fraternal. Pero la realizaci\u00f3n de estas esperanzas dependen del reconocimiento de valores universales. Esperamos que el di\u00e1logo interreligioso, reconociendo los principios fundamentales de la \u00e9tica universal, contribuya a promover un sentido renovado y profundo de la unidad y la fraternidad entre todos los miembros de la familia humana. En realidad, &#8220;cada uno de nosotros est\u00e1 llamado a ser un artesano de la paz, uniendo y no dividiendo, apagando el odio y no conserv\u00e1ndolo, abriendo canales de di\u00e1logo y no alzando nuevos muros. Dialogar, encontrarnos para instaurar en el mundo la cultura del di\u00e1logo la cultura del encuentro&#8221;.<\/p>\n<p align=\"justify\">Para construir un mundo fraterno , es vital que aunemos nuestras fuerzas para educar a las personas ,especialmente los j\u00f3venes , a buscar la fraternidad, a vivir en fraternidad y tener el coraje para construir la fraternidad. Rezamos para que la celebraci\u00f3n de Vesakh sea una oportunidad para redescubrir y promover de nuevo la hermandad , sobre todo en nuestras sociedades divididas&#8221;.<\/p>\n<p align=\"justify\">Ciudad del Vaticano, 24 abril 2014 (VIS).-<\/p>\n","protected":false},"excerpt":{"rendered":"<p>Mensaje del Pontificio Consejo para el Di\u00e1logo Interreligioso a los seguidores del budismo Budistas y cristianos: promovamos el crecimiento de la fraternidad El cardenal Jean-Louis Tauran y el Padre Miguel Angel Ayuso Guixot, MCCJ, respectivamente presidente y secretario del Pontificio Consejo para el Di\u00e1logo Interreligioso firman el mensaje que, con motivo de la festividad de &hellip; <a href=\"https:\/\/www.biblia.work\/sermones\/mensaje-del-pontificio-consejo-para-el-dialogo-interreligioso-a-los-seguidores-del-budismo\/\" class=\"more-link\">Continuar leyendo<span class=\"screen-reader-text\"> \u00abMensaje del Pontificio Consejo para el Di\u00e1logo Interreligioso a los seguidores del budismo\u00bb<\/span><\/a><\/p>\n","protected":false},"author":1,"featured_media":0,"comment_status":"open","ping_status":"closed","sticky":false,"template":"","format":"standard","meta":{"footnotes":""},"categories":[1],"tags":[],"class_list":["post-37722","post","type-post","status-publish","format-standard","hentry","category-general"],"_links":{"self":[{"href":"https:\/\/www.biblia.work\/sermones\/wp-json\/wp\/v2\/posts\/37722","targetHints":{"allow":["GET"]}}],"collection":[{"href":"https:\/\/www.biblia.work\/sermones\/wp-json\/wp\/v2\/posts"}],"about":[{"href":"https:\/\/www.biblia.work\/sermones\/wp-json\/wp\/v2\/types\/post"}],"author":[{"embeddable":true,"href":"https:\/\/www.biblia.work\/sermones\/wp-json\/wp\/v2\/users\/1"}],"replies":[{"embeddable":true,"href":"https:\/\/www.biblia.work\/sermones\/wp-json\/wp\/v2\/comments?post=37722"}],"version-history":[{"count":0,"href":"https:\/\/www.biblia.work\/sermones\/wp-json\/wp\/v2\/posts\/37722\/revisions"}],"wp:attachment":[{"href":"https:\/\/www.biblia.work\/sermones\/wp-json\/wp\/v2\/media?parent=37722"}],"wp:term":[{"taxonomy":"category","embeddable":true,"href":"https:\/\/www.biblia.work\/sermones\/wp-json\/wp\/v2\/categories?post=37722"},{"taxonomy":"post_tag","embeddable":true,"href":"https:\/\/www.biblia.work\/sermones\/wp-json\/wp\/v2\/tags?post=37722"}],"curies":[{"name":"wp","href":"https:\/\/api.w.org\/{rel}","templated":true}]}}