{"id":37723,"date":"2016-06-21T14:56:36","date_gmt":"2016-06-21T19:56:36","guid":{"rendered":"http:\/\/www.biblia.work\/sermones\/el-papa-recibe-al-primer-ministro-de-albania-edi-rama\/"},"modified":"2016-06-21T14:56:36","modified_gmt":"2016-06-21T19:56:36","slug":"el-papa-recibe-al-primer-ministro-de-albania-edi-rama","status":"publish","type":"post","link":"https:\/\/www.biblia.work\/sermones\/el-papa-recibe-al-primer-ministro-de-albania-edi-rama\/","title":{"rendered":"El Papa recibe al primer ministro de Albania, Edi Rama"},"content":{"rendered":"<p align=\"justify\">El Papa recibe al primer ministro de Albania, Edi Rama<\/p>\n<p align=\"justify\">El Papa Francisco ha recibido esta ma\u00f1ana en el Palacio Apost\u00f3lico Vaticano, al Primer Ministro de Albania, Edi Rama, quien posteriormente se reuni\u00f3 con el cardenal Pietro Parolin, Secretario de Estado, acompa\u00f1ado por el arzobispo Dominique Mamberti, Secretario para las Relaciones con los Estados.<\/p>\n<p align=\"justify\">Durante las conversaciones, transcurridas en una atm\u00f3sfera de cordialidad, se han constatado las buenas relaciones existentes entre la Santa Sede y la Rep\u00fablica de Albania y se han abordado temas de inter\u00e9s com\u00fan, como las relaciones entre la comunidad eclesial y la civil, o el di\u00e1logo interreligioso y la contribuci\u00f3n de la Iglesia al bien com\u00fan de la sociedad albanesa. M\u00e1s tarde se ha hablado de las principales cuestiones regionales y del camino de Albania hacia la plena integraci\u00f3n en la Uni\u00f3n Europea.<\/p>\n<p align=\"justify\">Ciudad del Vaticano, 24 abril 2014 (VIS).-<\/p>\n","protected":false},"excerpt":{"rendered":"<p>El Papa recibe al primer ministro de Albania, Edi Rama El Papa Francisco ha recibido esta ma\u00f1ana en el Palacio Apost\u00f3lico Vaticano, al Primer Ministro de Albania, Edi Rama, quien posteriormente se reuni\u00f3 con el cardenal Pietro Parolin, Secretario de Estado, acompa\u00f1ado por el arzobispo Dominique Mamberti, Secretario para las Relaciones con los Estados. Durante &hellip; <a href=\"https:\/\/www.biblia.work\/sermones\/el-papa-recibe-al-primer-ministro-de-albania-edi-rama\/\" class=\"more-link\">Continuar leyendo<span class=\"screen-reader-text\"> \u00abEl Papa recibe al primer ministro de Albania, Edi Rama\u00bb<\/span><\/a><\/p>\n","protected":false},"author":1,"featured_media":0,"comment_status":"open","ping_status":"closed","sticky":false,"template":"","format":"standard","meta":{"footnotes":""},"categories":[1],"tags":[],"class_list":["post-37723","post","type-post","status-publish","format-standard","hentry","category-general"],"_links":{"self":[{"href":"https:\/\/www.biblia.work\/sermones\/wp-json\/wp\/v2\/posts\/37723","targetHints":{"allow":["GET"]}}],"collection":[{"href":"https:\/\/www.biblia.work\/sermones\/wp-json\/wp\/v2\/posts"}],"about":[{"href":"https:\/\/www.biblia.work\/sermones\/wp-json\/wp\/v2\/types\/post"}],"author":[{"embeddable":true,"href":"https:\/\/www.biblia.work\/sermones\/wp-json\/wp\/v2\/users\/1"}],"replies":[{"embeddable":true,"href":"https:\/\/www.biblia.work\/sermones\/wp-json\/wp\/v2\/comments?post=37723"}],"version-history":[{"count":0,"href":"https:\/\/www.biblia.work\/sermones\/wp-json\/wp\/v2\/posts\/37723\/revisions"}],"wp:attachment":[{"href":"https:\/\/www.biblia.work\/sermones\/wp-json\/wp\/v2\/media?parent=37723"}],"wp:term":[{"taxonomy":"category","embeddable":true,"href":"https:\/\/www.biblia.work\/sermones\/wp-json\/wp\/v2\/categories?post=37723"},{"taxonomy":"post_tag","embeddable":true,"href":"https:\/\/www.biblia.work\/sermones\/wp-json\/wp\/v2\/tags?post=37723"}],"curies":[{"name":"wp","href":"https:\/\/api.w.org\/{rel}","templated":true}]}}