{"id":37725,"date":"2016-06-21T14:56:48","date_gmt":"2016-06-21T19:56:48","guid":{"rendered":"http:\/\/www.biblia.work\/sermones\/benedicto-xvi-cumple-87-anos-y-el-papa-francisco-le-felicita-por-telefono\/"},"modified":"2016-06-21T14:56:48","modified_gmt":"2016-06-21T19:56:48","slug":"benedicto-xvi-cumple-87-anos-y-el-papa-francisco-le-felicita-por-telefono","status":"publish","type":"post","link":"https:\/\/www.biblia.work\/sermones\/benedicto-xvi-cumple-87-anos-y-el-papa-francisco-le-felicita-por-telefono\/","title":{"rendered":"Benedicto XVI cumple 87 a\u00f1os, y el Papa Francisco le felicita por tel\u00e9fono"},"content":{"rendered":"<p align=\"justify\">Benedicto XVI cumple 87 a\u00f1os, y el Papa Francisco le felicita por tel\u00e9fono. Benedicto XVI naci\u00f3 el 16 de abril de 1927 y fue elegido papa el 19 de abril de 2005<\/p>\n<p align=\"justify\">En la tarde del mi\u00e9rcoles santo, d\u00eda 16 abril, el padre Lombardi inform\u00f3 que el Papa llam\u00f3 a Benedicto XVI para saludarlo por su cumplea\u00f1os.<\/p>\n<p align=\"justify\">\u201cSiendo hoy el cumplea\u00f1os del Papa em\u00e9rito, Benedicto XVI, el Papa Francisco lo ha llamado por tel\u00e9fono para saludarlo, asegur\u00e1ndole haber rezado por \u00e9l de manera particular esta ma\u00f1ana en la celebraci\u00f3n de la Santa Misa. Ya que estamos en Semana Santa, Benedicto XVI ha deseado transcurrir la jornada en su habitual clima de recogimiento y oraci\u00f3n, sin formas particulares de celebraci\u00f3n.\u201d (RC- RV)<\/p>\n","protected":false},"excerpt":{"rendered":"<p>Benedicto XVI cumple 87 a\u00f1os, y el Papa Francisco le felicita por tel\u00e9fono. Benedicto XVI naci\u00f3 el 16 de abril de 1927 y fue elegido papa el 19 de abril de 2005 En la tarde del mi\u00e9rcoles santo, d\u00eda 16 abril, el padre Lombardi inform\u00f3 que el Papa llam\u00f3 a Benedicto XVI para saludarlo por &hellip; <a href=\"https:\/\/www.biblia.work\/sermones\/benedicto-xvi-cumple-87-anos-y-el-papa-francisco-le-felicita-por-telefono\/\" class=\"more-link\">Continuar leyendo<span class=\"screen-reader-text\"> \u00abBenedicto XVI cumple 87 a\u00f1os, y el Papa Francisco le felicita por tel\u00e9fono\u00bb<\/span><\/a><\/p>\n","protected":false},"author":1,"featured_media":0,"comment_status":"open","ping_status":"closed","sticky":false,"template":"","format":"standard","meta":{"footnotes":""},"categories":[1],"tags":[],"class_list":["post-37725","post","type-post","status-publish","format-standard","hentry","category-general"],"_links":{"self":[{"href":"https:\/\/www.biblia.work\/sermones\/wp-json\/wp\/v2\/posts\/37725","targetHints":{"allow":["GET"]}}],"collection":[{"href":"https:\/\/www.biblia.work\/sermones\/wp-json\/wp\/v2\/posts"}],"about":[{"href":"https:\/\/www.biblia.work\/sermones\/wp-json\/wp\/v2\/types\/post"}],"author":[{"embeddable":true,"href":"https:\/\/www.biblia.work\/sermones\/wp-json\/wp\/v2\/users\/1"}],"replies":[{"embeddable":true,"href":"https:\/\/www.biblia.work\/sermones\/wp-json\/wp\/v2\/comments?post=37725"}],"version-history":[{"count":0,"href":"https:\/\/www.biblia.work\/sermones\/wp-json\/wp\/v2\/posts\/37725\/revisions"}],"wp:attachment":[{"href":"https:\/\/www.biblia.work\/sermones\/wp-json\/wp\/v2\/media?parent=37725"}],"wp:term":[{"taxonomy":"category","embeddable":true,"href":"https:\/\/www.biblia.work\/sermones\/wp-json\/wp\/v2\/categories?post=37725"},{"taxonomy":"post_tag","embeddable":true,"href":"https:\/\/www.biblia.work\/sermones\/wp-json\/wp\/v2\/tags?post=37725"}],"curies":[{"name":"wp","href":"https:\/\/api.w.org\/{rel}","templated":true}]}}