{"id":37726,"date":"2016-06-21T14:56:52","date_gmt":"2016-06-21T19:56:52","guid":{"rendered":"http:\/\/www.biblia.work\/sermones\/la-santa-sede-presentara-el-informe-inicial-sobre-la-convencion-contra-la-tortura\/"},"modified":"2016-06-21T14:56:52","modified_gmt":"2016-06-21T19:56:52","slug":"la-santa-sede-presentara-el-informe-inicial-sobre-la-convencion-contra-la-tortura","status":"publish","type":"post","link":"https:\/\/www.biblia.work\/sermones\/la-santa-sede-presentara-el-informe-inicial-sobre-la-convencion-contra-la-tortura\/","title":{"rendered":"La Santa Sede presentar\u00e1 el informe inicial sobre la Convenci\u00f3n contra la tortura"},"content":{"rendered":"<p align=\"justify\">La Santa Sede presentar\u00e1 el informe inicial sobre la Convenci\u00f3n contra la tortura<\/p>\n<p align=\"justify\">El director de la Oficina de Prensa de la Santa Sede, Padre Federico Lombardi, S.I., respondiendo a las preguntas de los informadores, ha declarado esta ma\u00f1ana que el pr\u00f3ximo mes de mayo la Santa Sede -junto con Chipre. Lituania, Guinea, Montenegro, Sierra Leona, Tailandia y Uruguay- presentar\u00e1 su Informe Inicial sobre la Convenci\u00f3n contra la Tortura (CAT) ante el Comit\u00e9 pertinente.<\/p>\n<p align=\"justify\">&#8221;Se trata -ha afirmado el Padre Lombardi- del procedimiento ordinario al que se adhieren todos los &#8216;Estados miembros&#8217; de la Convenci\u00f3n. Teniendo en cuenta el tipo de obligaciones previstas por la misma, la Santa Sede se adhiri\u00f3 a dicha Convenci\u00f3n en el a\u00f1o 2002, exclusivamente en nombre y por cuenta del Estado de la Ciudad del Vaticano. Por esa raz\u00f3n, la Santa Sede sigue cumpliendo con las obligaciones asumidas por cuenta del Estado de la Ciudad del Vaticano y presentando sus informes peri\u00f3dicamente, seg\u00fan los procedimientos previstos en esa Convenci\u00f3n&#8221;.<\/p>\n<p align=\"justify\">Ciudad del Vaticano, 15 abril 2014 (VIS).-<\/p>\n","protected":false},"excerpt":{"rendered":"<p>La Santa Sede presentar\u00e1 el informe inicial sobre la Convenci\u00f3n contra la tortura El director de la Oficina de Prensa de la Santa Sede, Padre Federico Lombardi, S.I., respondiendo a las preguntas de los informadores, ha declarado esta ma\u00f1ana que el pr\u00f3ximo mes de mayo la Santa Sede -junto con Chipre. Lituania, Guinea, Montenegro, Sierra &hellip; <a href=\"https:\/\/www.biblia.work\/sermones\/la-santa-sede-presentara-el-informe-inicial-sobre-la-convencion-contra-la-tortura\/\" class=\"more-link\">Continuar leyendo<span class=\"screen-reader-text\"> \u00abLa Santa Sede presentar\u00e1 el informe inicial sobre la Convenci\u00f3n contra la tortura\u00bb<\/span><\/a><\/p>\n","protected":false},"author":1,"featured_media":0,"comment_status":"open","ping_status":"closed","sticky":false,"template":"","format":"standard","meta":{"footnotes":""},"categories":[1],"tags":[],"class_list":["post-37726","post","type-post","status-publish","format-standard","hentry","category-general"],"_links":{"self":[{"href":"https:\/\/www.biblia.work\/sermones\/wp-json\/wp\/v2\/posts\/37726","targetHints":{"allow":["GET"]}}],"collection":[{"href":"https:\/\/www.biblia.work\/sermones\/wp-json\/wp\/v2\/posts"}],"about":[{"href":"https:\/\/www.biblia.work\/sermones\/wp-json\/wp\/v2\/types\/post"}],"author":[{"embeddable":true,"href":"https:\/\/www.biblia.work\/sermones\/wp-json\/wp\/v2\/users\/1"}],"replies":[{"embeddable":true,"href":"https:\/\/www.biblia.work\/sermones\/wp-json\/wp\/v2\/comments?post=37726"}],"version-history":[{"count":0,"href":"https:\/\/www.biblia.work\/sermones\/wp-json\/wp\/v2\/posts\/37726\/revisions"}],"wp:attachment":[{"href":"https:\/\/www.biblia.work\/sermones\/wp-json\/wp\/v2\/media?parent=37726"}],"wp:term":[{"taxonomy":"category","embeddable":true,"href":"https:\/\/www.biblia.work\/sermones\/wp-json\/wp\/v2\/categories?post=37726"},{"taxonomy":"post_tag","embeddable":true,"href":"https:\/\/www.biblia.work\/sermones\/wp-json\/wp\/v2\/tags?post=37726"}],"curies":[{"name":"wp","href":"https:\/\/api.w.org\/{rel}","templated":true}]}}