{"id":37727,"date":"2016-06-21T14:56:56","date_gmt":"2016-06-21T19:56:56","guid":{"rendered":"http:\/\/www.biblia.work\/sermones\/telegrama-de-pesame-del-santo-padre-por-las-victimas-de-valparaiso\/"},"modified":"2016-06-21T14:56:56","modified_gmt":"2016-06-21T19:56:56","slug":"telegrama-de-pesame-del-santo-padre-por-las-victimas-de-valparaiso","status":"publish","type":"post","link":"https:\/\/www.biblia.work\/sermones\/telegrama-de-pesame-del-santo-padre-por-las-victimas-de-valparaiso\/","title":{"rendered":"Telegrama de p\u00e9same del Santo Padre por las v\u00edctimas de Valparaiso"},"content":{"rendered":"<p>Telegrama de p\u00e9same del Santo Padre por las v\u00edctimas de Valpara\u00edso<\/p>\n<p>El Santo Padre env\u00edo ayer tarde un telegrama de p\u00e9same -a trav\u00e9s del cardenal Pietro Parolin, Secretario de Estado- al obispo Gonzalo Duarte Garc\u00eda de Cort\u00e1zar, de Valpara\u00edso (Chile), con motivo del incendio que en las \u00faltimas 48 horas ha devastado el bosque cercano a esa ciudad propag\u00e1ndose a diversas zonas de la misma. Las v\u00edctimas, hasta ahora son doce y las personas evacuadas sobrepasan las 10.000.<\/p>\n<p>?Ante la triste noticia del incendio que est\u00e1 afectando a la ciudad de Valpara\u00edso- dice el texto- el Papa Francisco dese expresar su cercan\u00eda espiritual a todos sus habitantes, ofreciendo sufragios por los fallecidos en este grave desastre, al mismo tiempo que comparte la angustia de cuantos han perdido sus hogares y sus bienes&#8221;.<\/p>\n<p>&#8221;Asimismo, y a la vez que sostiene con su plegaria los esfuerzos de los equipos de socorro, el Santo Padre ruega a las autoridades y a todo el pueblo que no decaigan en su \u00e1nimo frente a la adversidad, para que con esp\u00edritu de solidaridad y caridad fraterna llegue a todos los afectados la ayuda necesaria&#8221;.<\/p>\n<p>Al final del telegrama el cardenal Parolin pide al obispo que transmita los familiares de los difuntos el m\u00e1s sentido p\u00e9same del Papa y exprese a los heridos y damnificados su paterna solicitud.<br \/>\nCiudad del Vaticano, 15 abril 2014 (VIS).<\/p>\n","protected":false},"excerpt":{"rendered":"<p>Telegrama de p\u00e9same del Santo Padre por las v\u00edctimas de Valpara\u00edso El Santo Padre env\u00edo ayer tarde un telegrama de p\u00e9same -a trav\u00e9s del cardenal Pietro Parolin, Secretario de Estado- al obispo Gonzalo Duarte Garc\u00eda de Cort\u00e1zar, de Valpara\u00edso (Chile), con motivo del incendio que en las \u00faltimas 48 horas ha devastado el bosque cercano &hellip; <a href=\"https:\/\/www.biblia.work\/sermones\/telegrama-de-pesame-del-santo-padre-por-las-victimas-de-valparaiso\/\" class=\"more-link\">Continuar leyendo<span class=\"screen-reader-text\"> \u00abTelegrama de p\u00e9same del Santo Padre por las v\u00edctimas de Valparaiso\u00bb<\/span><\/a><\/p>\n","protected":false},"author":1,"featured_media":0,"comment_status":"open","ping_status":"closed","sticky":false,"template":"","format":"standard","meta":{"footnotes":""},"categories":[1],"tags":[],"class_list":["post-37727","post","type-post","status-publish","format-standard","hentry","category-general"],"_links":{"self":[{"href":"https:\/\/www.biblia.work\/sermones\/wp-json\/wp\/v2\/posts\/37727","targetHints":{"allow":["GET"]}}],"collection":[{"href":"https:\/\/www.biblia.work\/sermones\/wp-json\/wp\/v2\/posts"}],"about":[{"href":"https:\/\/www.biblia.work\/sermones\/wp-json\/wp\/v2\/types\/post"}],"author":[{"embeddable":true,"href":"https:\/\/www.biblia.work\/sermones\/wp-json\/wp\/v2\/users\/1"}],"replies":[{"embeddable":true,"href":"https:\/\/www.biblia.work\/sermones\/wp-json\/wp\/v2\/comments?post=37727"}],"version-history":[{"count":0,"href":"https:\/\/www.biblia.work\/sermones\/wp-json\/wp\/v2\/posts\/37727\/revisions"}],"wp:attachment":[{"href":"https:\/\/www.biblia.work\/sermones\/wp-json\/wp\/v2\/media?parent=37727"}],"wp:term":[{"taxonomy":"category","embeddable":true,"href":"https:\/\/www.biblia.work\/sermones\/wp-json\/wp\/v2\/categories?post=37727"},{"taxonomy":"post_tag","embeddable":true,"href":"https:\/\/www.biblia.work\/sermones\/wp-json\/wp\/v2\/tags?post=37727"}],"curies":[{"name":"wp","href":"https:\/\/api.w.org\/{rel}","templated":true}]}}