{"id":37728,"date":"2016-06-21T14:57:00","date_gmt":"2016-06-21T19:57:00","guid":{"rendered":"http:\/\/www.biblia.work\/sermones\/la-cruz-de-la-jmj-sea-una-senal-de-esperanza-para-el-mundo\/"},"modified":"2016-06-21T14:57:00","modified_gmt":"2016-06-21T19:57:00","slug":"la-cruz-de-la-jmj-sea-una-senal-de-esperanza-para-el-mundo","status":"publish","type":"post","link":"https:\/\/www.biblia.work\/sermones\/la-cruz-de-la-jmj-sea-una-senal-de-esperanza-para-el-mundo\/","title":{"rendered":"La cruz de la JMJ sea una se\u00f1al de esperanza para el mundo"},"content":{"rendered":"<p align=\"justify\"><b>\u00c1ngelus: \u201cLa cruz de la JMJ sea una se\u00f1al de esperanza para el mundo\u201d<\/b><\/p>\n<p align=\"justify\">Al final de la solemne celebraci\u00f3n lit\u00fargica del Domingo de Ramos, el Papa rez\u00f3 el Angelus con los sesenta mil fieles presentes en la Plaza de San Pedro y, antes de la oraci\u00f3n mariana, salud\u00f3 a los 250 delegados, obispos, sacerdotes, religiosos y laicos que han participado en estos d\u00edas en el encuentro sobre las <b>Jornadas Mundiales de la Juventud organizado por el Pontificio Consejo de los Laicos<\/b>.<\/p>\n<p align=\"justify\">As\u00ed empieza -record\u00f3 el Santo Padre- el camino de preparaci\u00f3n del pr\u00f3ximo encuentro mundial que tendr\u00e1 lugar en julio de 2016 en Cracovia y cuyo tema ser\u00e1 &#8216;Bienaventurados los misericordiosos porque encontrar\u00e1n misericordia&#8217;. Dentro de poco los j\u00f3venes brasile\u00f1os entregar\u00e1n a los polacos la Cruz de las Jornadas Mundiales de la Juventud. Juan Pablo II, hace treinta a\u00f1os, consign\u00f3 la Cruz a los j\u00f3venes y les pidi\u00f3 que la llevasen por todo el mundo como signo del amor de Cristo por la humanidad. El pr\u00f3ximo 27 de abril tendremos todos la alegr\u00eda de celebrar la canonizaci\u00f3n de este Papa junto con Juan XXIII. Juan Pablo II, que dio inicio a las Jornadas Mundiales de la Juventud, ser\u00e1 el gran patrono; en la comuni\u00f3n de los santos seguir\u00e1 siendo para los j\u00f3venes del mundo un padre y un amigo. Pidamos al Se\u00f1or que la Cruz junto con el icono de Mar\u00eda &#8216;Salus Populi Romani&#8217;, sea una se\u00f1al de esperanza para todos revelando al mundo el amor invencible de Cristo&#8221;.<\/p>\n<p align=\"justify\">Despu\u00e9s de estas palabras tuvo lugar la <b>entrega de la Cruz de la JMJ y Francisco a\u00f1adi\u00f3:<\/b> &#8221;Saludo a todos los romanos y a los peregrinos. Saludo en particular a las delegaciones de R\u00edo de Janeiro y de Cracovia encabezadas por sus arzobispos, los cardenales Orani Joao Tempesta y Stanislaw Dziwisz y, en este contexto, tengo la alegr\u00eda de anunciaros que, si Dios quiere, el pr\u00f3ximo 15 de agosto, en Daejeon, en la Rep\u00fablica de Corea, encontrar\u00e9 a los j\u00f3venes de Asia en su gran encuentro continental&#8221;.<\/p>\n<p align=\"justify\">&#8221;Y ahora -concluy\u00f3- rezamos a la Virgen Mar\u00eda para que nos ayude a seguir siempre con fe el ejemplo de Jes\u00fas&#8221;.<\/p>\n<p align=\"justify\">Ciudad del Vaticano, 13 de abril 2016 (VIS).-<\/p>\n","protected":false},"excerpt":{"rendered":"<p>\u00c1ngelus: \u201cLa cruz de la JMJ sea una se\u00f1al de esperanza para el mundo\u201d Al final de la solemne celebraci\u00f3n lit\u00fargica del Domingo de Ramos, el Papa rez\u00f3 el Angelus con los sesenta mil fieles presentes en la Plaza de San Pedro y, antes de la oraci\u00f3n mariana, salud\u00f3 a los 250 delegados, obispos, sacerdotes, &hellip; <a href=\"https:\/\/www.biblia.work\/sermones\/la-cruz-de-la-jmj-sea-una-senal-de-esperanza-para-el-mundo\/\" class=\"more-link\">Continuar leyendo<span class=\"screen-reader-text\"> \u00abLa cruz de la JMJ sea una se\u00f1al de esperanza para el mundo\u00bb<\/span><\/a><\/p>\n","protected":false},"author":1,"featured_media":0,"comment_status":"open","ping_status":"closed","sticky":false,"template":"","format":"standard","meta":{"footnotes":""},"categories":[1],"tags":[],"class_list":["post-37728","post","type-post","status-publish","format-standard","hentry","category-general"],"_links":{"self":[{"href":"https:\/\/www.biblia.work\/sermones\/wp-json\/wp\/v2\/posts\/37728","targetHints":{"allow":["GET"]}}],"collection":[{"href":"https:\/\/www.biblia.work\/sermones\/wp-json\/wp\/v2\/posts"}],"about":[{"href":"https:\/\/www.biblia.work\/sermones\/wp-json\/wp\/v2\/types\/post"}],"author":[{"embeddable":true,"href":"https:\/\/www.biblia.work\/sermones\/wp-json\/wp\/v2\/users\/1"}],"replies":[{"embeddable":true,"href":"https:\/\/www.biblia.work\/sermones\/wp-json\/wp\/v2\/comments?post=37728"}],"version-history":[{"count":0,"href":"https:\/\/www.biblia.work\/sermones\/wp-json\/wp\/v2\/posts\/37728\/revisions"}],"wp:attachment":[{"href":"https:\/\/www.biblia.work\/sermones\/wp-json\/wp\/v2\/media?parent=37728"}],"wp:term":[{"taxonomy":"category","embeddable":true,"href":"https:\/\/www.biblia.work\/sermones\/wp-json\/wp\/v2\/categories?post=37728"},{"taxonomy":"post_tag","embeddable":true,"href":"https:\/\/www.biblia.work\/sermones\/wp-json\/wp\/v2\/tags?post=37728"}],"curies":[{"name":"wp","href":"https:\/\/api.w.org\/{rel}","templated":true}]}}