{"id":37729,"date":"2016-06-21T14:57:04","date_gmt":"2016-06-21T19:57:04","guid":{"rendered":"http:\/\/www.biblia.work\/sermones\/encuentro-del-papa-con-el-movimiento-por-la-vida-italiano\/"},"modified":"2016-06-21T14:57:04","modified_gmt":"2016-06-21T19:57:04","slug":"encuentro-del-papa-con-el-movimiento-por-la-vida-italiano","status":"publish","type":"post","link":"https:\/\/www.biblia.work\/sermones\/encuentro-del-papa-con-el-movimiento-por-la-vida-italiano\/","title":{"rendered":"Encuentro del Papa con el Movimiento por la Vida italiano"},"content":{"rendered":"<p align=\"justify\"><b>Encuentro del Papa con el Movimiento por la Vida italiano<\/b><\/p>\n<p align=\"justify\"><b>Al Movimiento por la Vida italiano: ni\u00f1os y abuelos son la esperanza de un pueblo<\/b><\/p>\n<p align=\"justify\">La Sala Clementina del Palacio Apost\u00f3lico ha sido esta ma\u00f1ana el escenario del <b>encuentro del Papa Francisco con cuatrocientos setenta miembros del Movimiento por la Vida Italiano<\/b>. El pont\u00edfice les ha dado las gracias por su labor, en particular por el Proyecto Gema&#8217;, (una forma de adopci\u00f3n prenatal a distancia de mujeres embarazadas en dificultad) que &#8221;en estos \u00faltimos 20 a\u00f1os &#8211; ha afirmado- ha permitido, a trav\u00e9s de una forma particular de solidaridad concreta, el nacimiento de tantos ni\u00f1os que, de otra forma, no habr\u00edan visto la luz&#8221;.<\/p>\n<p align=\"justify\">&#8221;La vida humana es sagrada e inviolable -ha recalcado- Todo derecho civil se asienta en el reconocimiento del primero y fundamental de los derechos, el derecho a la vida, que no est\u00e1 subordinado a condici\u00f3n alguna, ni cualitativa, ni econ\u00f3mica, ni tanto menos ideol\u00f3gica. As\u00ed como el mandamiento de &#8216;no matar&#8217; pone un l\u00edmite claro para asegurar el valor de la vida humana, hoy tenemos que decir &#8216;no&#8217; a una econom\u00eda de la exclusi\u00f3n y la desigualdad. Esa econom\u00eda mata&#8230; Se considera al ser humano en s\u00ed mismo como un bien de consumo, que se puede usar y luego tirar. Hemos dado inicio a la cultura del &#8216;descarte&#8217; que, adem\u00e1s, se promueve. Y as\u00ed se descarta tambi\u00e9n la vida&#8221;, ha proseguido el Santo Padre citando su exhortaci\u00f3n apost\u00f3lica &#8221;Evangelii Gaudium&#8221;.<\/p>\n<p align=\"justify\">&#8221;Uno de los peligros m\u00e1s graves a los que est\u00e1 expuesta nuestra \u00e9poca es el divorcio entre econom\u00eda y moral, entre las posibilidades que ofrece un mercado provisto de cualquier novedad tecnol\u00f3gica y las normas \u00e9ticas elementales de la naturaleza humana, cada vez m\u00e1s arrinconada. Por lo tanto, es necesario reiterar la oposici\u00f3n m\u00e1s firme a cualquier atentado directo a la vida, especialmente inocente e indefensa, y el nonato en el seno materno es el inocente por antonomasia. Recordemos las palabras del Concilio Vaticano II:&#8217;La vida desde su concepci\u00f3n ha de ser salvaguardada con el m\u00e1ximo cuidado; el aborto y el infanticidio son cr\u00edmenes abominables&#8217;.&#8221;<\/p>\n<p align=\"justify\">&#8221;Recuerdo hace tanto tiempo-ha a\u00f1adido- que particip\u00e9 en una conferencia con m\u00e9dicos. Despu\u00e9s de la conferencia los salud\u00e9 y mientras hablaba con ellos, uno me llam\u00f3 aparte. Ten\u00eda un paquete y me dijo : &#8221;Padre quiero dejarle esto a usted. Son los instrumentos que he utilizado para abortar. He encontrado al Se\u00f1or, me he arrepentido y ahora lucho por la vida. Y me dio todas las herramientas. Recemos por este buen hombre&#8221;.<\/p>\n<p align=\"justify\">&#8221;A quien es cristiano le corresponde siempre este testimonio evang\u00e9lico: proteger la vida con valor y amor en todas sus fases. Os animo a hacerlo siempre con la actitud de la cercan\u00eda, de la proximidad: \u00a1Que cada mujer se sienta considerada como persona, escuchada, acogida, acompa\u00f1ada\u00a1&#8221;..<\/p>\n<p align=\"justify\">&#8221;Hemos hablado de ni\u00f1os: hay tantos aqu\u00ed. Pero yo quisiera hablar tambi\u00e9n de los abuelos, que son la otra parte de la vida. Porque tenemos que preocuparnos por los abuelos, porque los ni\u00f1os y los abuelos son la esperanza de un pueblo. Los ni\u00f1os y los j\u00f3venes porque sacar\u00e1n adelante a ese pueblo; los abuelos porque tienen la sabidur\u00eda de la historia, son la memoria de un pueblo. Custodiar la vida en un tiempo donde los ni\u00f1os y los abuelos entran en esta cultura del descarte y se piensa en ellos como material desechable \u00a1No!. Los ni\u00f1os y los abuelos son la esperanza de un pueblo&#8221;.<\/p>\n<p align=\"justify\">&#8216;El Se\u00f1or -ha finalizado- sostenga la acci\u00f3n que desarroll\u00e1is como Centros de Ayuda a la Vida y como Movimiento por la Vida, en particular el proyecto &#8216;Uno de nosotros&#8221; y ha encomendado a la Virgen Madre Mar\u00eda a los miembros del Movimiento por la Vida.<\/p>\n<p align=\"justify\">Ciudad del Vaticano, 11 abril 2014 (VIS).-<b><\/b><\/p>\n","protected":false},"excerpt":{"rendered":"<p>Encuentro del Papa con el Movimiento por la Vida italiano Al Movimiento por la Vida italiano: ni\u00f1os y abuelos son la esperanza de un pueblo La Sala Clementina del Palacio Apost\u00f3lico ha sido esta ma\u00f1ana el escenario del encuentro del Papa Francisco con cuatrocientos setenta miembros del Movimiento por la Vida Italiano. El pont\u00edfice les &hellip; <a href=\"https:\/\/www.biblia.work\/sermones\/encuentro-del-papa-con-el-movimiento-por-la-vida-italiano\/\" class=\"more-link\">Continuar leyendo<span class=\"screen-reader-text\"> \u00abEncuentro del Papa con el Movimiento por la Vida italiano\u00bb<\/span><\/a><\/p>\n","protected":false},"author":1,"featured_media":0,"comment_status":"open","ping_status":"closed","sticky":false,"template":"","format":"standard","meta":{"footnotes":""},"categories":[1],"tags":[],"class_list":["post-37729","post","type-post","status-publish","format-standard","hentry","category-general"],"_links":{"self":[{"href":"https:\/\/www.biblia.work\/sermones\/wp-json\/wp\/v2\/posts\/37729","targetHints":{"allow":["GET"]}}],"collection":[{"href":"https:\/\/www.biblia.work\/sermones\/wp-json\/wp\/v2\/posts"}],"about":[{"href":"https:\/\/www.biblia.work\/sermones\/wp-json\/wp\/v2\/types\/post"}],"author":[{"embeddable":true,"href":"https:\/\/www.biblia.work\/sermones\/wp-json\/wp\/v2\/users\/1"}],"replies":[{"embeddable":true,"href":"https:\/\/www.biblia.work\/sermones\/wp-json\/wp\/v2\/comments?post=37729"}],"version-history":[{"count":0,"href":"https:\/\/www.biblia.work\/sermones\/wp-json\/wp\/v2\/posts\/37729\/revisions"}],"wp:attachment":[{"href":"https:\/\/www.biblia.work\/sermones\/wp-json\/wp\/v2\/media?parent=37729"}],"wp:term":[{"taxonomy":"category","embeddable":true,"href":"https:\/\/www.biblia.work\/sermones\/wp-json\/wp\/v2\/categories?post=37729"},{"taxonomy":"post_tag","embeddable":true,"href":"https:\/\/www.biblia.work\/sermones\/wp-json\/wp\/v2\/tags?post=37729"}],"curies":[{"name":"wp","href":"https:\/\/api.w.org\/{rel}","templated":true}]}}