{"id":37730,"date":"2016-06-21T14:57:13","date_gmt":"2016-06-21T19:57:13","guid":{"rendered":"http:\/\/www.biblia.work\/sermones\/la-pontificio-instituto-biblico-y-del-pontificio-instituto-oriental-en-audiencia-con-el-papa\/"},"modified":"2016-06-21T14:57:13","modified_gmt":"2016-06-21T19:57:13","slug":"la-pontificio-instituto-biblico-y-del-pontificio-instituto-oriental-en-audiencia-con-el-papa","status":"publish","type":"post","link":"https:\/\/www.biblia.work\/sermones\/la-pontificio-instituto-biblico-y-del-pontificio-instituto-oriental-en-audiencia-con-el-papa\/","title":{"rendered":"La Pontificio Instituto B\u00edblico y del Pontificio Instituto Oriental en audiencia con el Papa"},"content":{"rendered":"<p align=\"justify\"><b>La Pontificio Instituto B\u00edblico y del Pontificio Instituto Oriental en audiencia con el Papa <\/b><\/p>\n<p align=\"justify\">Las Universidades Eclesi\u00e0sticas no son m\u00e1quinas de producci\u00f3n de te\u00f3logos y fil\u00f3sofos<\/p>\n<p align=\"justify\">Los profesores, estudiantes y personal no docente de la Pontificia Universidad Gregoriana, del Pontificio Instituto B\u00edblico y del Pontificio Instituto Oriental han sido recibidos esta ma\u00f1ana en audiencia por el Papa Francisco. Todas las instituciones -reunidas en un consorcio por el Papa P\u00edo XI en 1923- est\u00e1n confiadas a la Compa\u00f1\u00eda de Jes\u00fas y el Santo Padre les ha recordado la importancia de la colaboraci\u00f3n entre ellas, custodiando la memoria hist\u00f3rica y, al mismo tiempo, haci\u00e9ndose cargo del presente y mirando al futuro&#8230; con creatividad e imaginaci\u00f3n?.<\/p>\n<p align=\"justify\">Francisco ha se\u00f1alado dos aspectos que deben caracterizar la tarea de los que pertenecen, tanto como profesores que como estudiantes, a ese consorcio. El primero es valorizar el lugar en que se encuentran y sobre todo la Iglesia de Roma. &#8216;Hay un pasado y un presente. Est\u00e1n las ra\u00edces de la fe: las memorias de los ap\u00f3stoles y de los m\u00e1rtires; y est\u00e1 el &#8216;hoy&#8217; eclesial, el camino actual de esta Iglesia que preside en la caridad, en el servicio de la unidad y de la universalidad. No hay que darlo por descontado&#8230;Pero al mismo tiempo existe el aporte de la variedad de vuestras Iglesias de procedencia y de vuestras culturas&#8217; que &#8216;ofrecen una ocasi\u00f3n inapreciable de crecimiento en la fe y de apertura de la mente y del coraz\u00f3n al horizonte de la catolicidad. En este horizonte la dial\u00e9ctica entre centro y periferias asume una forma propia, la forma evang\u00e9lica, seg\u00fan la l\u00f3gica de un Dios que llega al centro partiendo de la periferia y para volver a la periferia&#8217;.<\/p>\n<p align=\"justify\">El segundo ha sido la relaci\u00f3n entre estudio y vida que constituye &#8216;uno de los retos de nuestro tiempo: transmitir el saber y ofrecer una clave de comprensi\u00f3n vital, no un c\u00famulo de nociones desligadas entre s\u00ed. Hace falta una verdadera hermen\u00e9utica evang\u00e9lica para entender mejor la vida, el mundo, a los seres humanos, no una s\u00edntesis, sino una atm\u00f3sfera espiritual de b\u00fasqueda y certeza basada en la verdad de raz\u00f3n y de fe. La filosof\u00eda y la teolog\u00eda permiten conseguir las convicciones que estructuran y fortifican la inteligencia e iluminan la voluntad&#8230;pero todo esto es fecundo s\u00f3lo si se hace con la mente abierta y de rodillas. El te\u00f3logo que se complace de su pensamiento concluido es un mediocre. El buen te\u00f3logo y fil\u00f3sofo tiene un pensamiento abierto, es decir incompleto siempre abierto al &#8216;maius&#8217; de Dios y de la verdad, siempre en desarrollo&#8217;. &#8230;Y el te\u00f3logo que no reza y que no adora a Dios acaba hundido en el narcisismo m\u00e1s disgustoso. Y esta es una enfermedad eclesi\u00e1stica, hace mucho da\u00f1o el narcisismo de los te\u00f3logos y de los pensadores.<\/p>\n<p align=\"justify\">El Santo Padre ha recalcado que &#8216;el fin de los estudios en toda universidad pontificia es eclesial&#8217; `por eso &#8216;la investigaci\u00f3n y el estudio deben integrarse con la vida personal y comunitaria, el compromiso misionero, la caridad fraternal y el compartir con los pobres, la atenci\u00f3n por la vida interior y la relaci\u00f3n con el Se\u00f1or. Vuestros institutos no son m\u00e1quinas para producir te\u00f3logos y fil\u00f3sofos: son comunidad en las que se crece y el crecimiento tiene lugar en la familia&#8217;. La familia universitaria es &#8216;indispensable para crear una actitud de humanidad y sabidur\u00eda concretas&#8230;que har\u00e1 de los estudiantes personas capaces de &#8216;transmitir la verdad en dimensi\u00f3n humana, de saber que si faltan la bondad y la belleza de pertenecer a una familia de trabajo se termina por ser un intelectual sin talento, un cultor de la \u00e9tica sin bondad, un pensador carente del esplendor de la belleza y solo &#8216;maquillado&#8217; de formalismos. El contacto respetuoso y cotidiano con la laboriosidad y el testimonio de los hombres y mujeres que trabajan en vuestras instituciones os dar\u00e1 esa cuota de realismo tan necesaria para que vuestra ciencia sea una ciencia humana y no de laboratorio?.<\/p>\n<p align=\"justify\">Ciudad del Vaticano, 10 abril 2014 (VIS).-<\/p>\n","protected":false},"excerpt":{"rendered":"<p>La Pontificio Instituto B\u00edblico y del Pontificio Instituto Oriental en audiencia con el Papa Las Universidades Eclesi\u00e0sticas no son m\u00e1quinas de producci\u00f3n de te\u00f3logos y fil\u00f3sofos Los profesores, estudiantes y personal no docente de la Pontificia Universidad Gregoriana, del Pontificio Instituto B\u00edblico y del Pontificio Instituto Oriental han sido recibidos esta ma\u00f1ana en audiencia por &hellip; <a href=\"https:\/\/www.biblia.work\/sermones\/la-pontificio-instituto-biblico-y-del-pontificio-instituto-oriental-en-audiencia-con-el-papa\/\" class=\"more-link\">Continuar leyendo<span class=\"screen-reader-text\"> \u00abLa Pontificio Instituto B\u00edblico y del Pontificio Instituto Oriental en audiencia con el Papa\u00bb<\/span><\/a><\/p>\n","protected":false},"author":1,"featured_media":0,"comment_status":"open","ping_status":"closed","sticky":false,"template":"","format":"standard","meta":{"footnotes":""},"categories":[1],"tags":[],"class_list":["post-37730","post","type-post","status-publish","format-standard","hentry","category-general"],"_links":{"self":[{"href":"https:\/\/www.biblia.work\/sermones\/wp-json\/wp\/v2\/posts\/37730","targetHints":{"allow":["GET"]}}],"collection":[{"href":"https:\/\/www.biblia.work\/sermones\/wp-json\/wp\/v2\/posts"}],"about":[{"href":"https:\/\/www.biblia.work\/sermones\/wp-json\/wp\/v2\/types\/post"}],"author":[{"embeddable":true,"href":"https:\/\/www.biblia.work\/sermones\/wp-json\/wp\/v2\/users\/1"}],"replies":[{"embeddable":true,"href":"https:\/\/www.biblia.work\/sermones\/wp-json\/wp\/v2\/comments?post=37730"}],"version-history":[{"count":0,"href":"https:\/\/www.biblia.work\/sermones\/wp-json\/wp\/v2\/posts\/37730\/revisions"}],"wp:attachment":[{"href":"https:\/\/www.biblia.work\/sermones\/wp-json\/wp\/v2\/media?parent=37730"}],"wp:term":[{"taxonomy":"category","embeddable":true,"href":"https:\/\/www.biblia.work\/sermones\/wp-json\/wp\/v2\/categories?post=37730"},{"taxonomy":"post_tag","embeddable":true,"href":"https:\/\/www.biblia.work\/sermones\/wp-json\/wp\/v2\/tags?post=37730"}],"curies":[{"name":"wp","href":"https:\/\/api.w.org\/{rel}","templated":true}]}}