{"id":37731,"date":"2016-06-21T14:57:16","date_gmt":"2016-06-21T19:57:16","guid":{"rendered":"http:\/\/www.biblia.work\/sermones\/el-papa-envia-un-telegrama-por-la-muerte-del-patriarca-emerito-de-babilonia-de-los-caldeos\/"},"modified":"2016-06-21T14:57:16","modified_gmt":"2016-06-21T19:57:16","slug":"el-papa-envia-un-telegrama-por-la-muerte-del-patriarca-emerito-de-babilonia-de-los-caldeos","status":"publish","type":"post","link":"https:\/\/www.biblia.work\/sermones\/el-papa-envia-un-telegrama-por-la-muerte-del-patriarca-emerito-de-babilonia-de-los-caldeos\/","title":{"rendered":"El Papa env\u00eda un telegrama por la muerte del patriarca em\u00e9rito de Babilonia de los Caldeos"},"content":{"rendered":"<p align=\"justify\"><b>El Papa env\u00eda un telegrama por la muerte del patriarca em\u00e9rito de Babilonia de los Caldeos<\/b><\/p>\n<p align=\"justify\">El Santo Padre ha enviado un telegrama de p\u00e9same al Patriarca de Babilonia de los Caldeos, S.B. Louis Rapha\u00ebl I Sako, con motivo del fallecimiento de Su Beatitud el cardenal <strong>Emmanuel III Delly<\/strong>, Patriarca em\u00e9rito de Babilonia de los Caldeos a la edad de 87 a\u00f1os.<\/p>\n<p align=\"justify\">En el texto, el Papa da su m\u00e1s profundo p\u00e9same a todos los fieles del Patriarcado tanto en Iraq como en la di\u00e1spora, y recuerda con gratitud, la dedicaci\u00f3n de &#8216;este estimado Pastor&#8217; a su pueblo, que destac\u00f3 en &#8216;la promoci\u00f3n de relaciones respetuosas, justas y pac\u00edficas con los seguidores de otras tradiciones religiosas&#8217;.<\/p>\n<p align=\"justify\">A su vez, el cardenal Pietro Parolin, Secretario de Estado, se suma al dolor del Papa y expresa a la entera Iglesia de Iraq, de todo coraz\u00f3n, sus condolencias.<\/p>\n<p align=\"justify\">Ciudad del Vaticano, 9 abril 2014 (VIS).-<\/p>\n","protected":false},"excerpt":{"rendered":"<p>El Papa env\u00eda un telegrama por la muerte del patriarca em\u00e9rito de Babilonia de los Caldeos El Santo Padre ha enviado un telegrama de p\u00e9same al Patriarca de Babilonia de los Caldeos, S.B. Louis Rapha\u00ebl I Sako, con motivo del fallecimiento de Su Beatitud el cardenal Emmanuel III Delly, Patriarca em\u00e9rito de Babilonia de los &hellip; <a href=\"https:\/\/www.biblia.work\/sermones\/el-papa-envia-un-telegrama-por-la-muerte-del-patriarca-emerito-de-babilonia-de-los-caldeos\/\" class=\"more-link\">Continuar leyendo<span class=\"screen-reader-text\"> \u00abEl Papa env\u00eda un telegrama por la muerte del patriarca em\u00e9rito de Babilonia de los Caldeos\u00bb<\/span><\/a><\/p>\n","protected":false},"author":1,"featured_media":0,"comment_status":"open","ping_status":"closed","sticky":false,"template":"","format":"standard","meta":{"footnotes":""},"categories":[1],"tags":[],"class_list":["post-37731","post","type-post","status-publish","format-standard","hentry","category-general"],"_links":{"self":[{"href":"https:\/\/www.biblia.work\/sermones\/wp-json\/wp\/v2\/posts\/37731","targetHints":{"allow":["GET"]}}],"collection":[{"href":"https:\/\/www.biblia.work\/sermones\/wp-json\/wp\/v2\/posts"}],"about":[{"href":"https:\/\/www.biblia.work\/sermones\/wp-json\/wp\/v2\/types\/post"}],"author":[{"embeddable":true,"href":"https:\/\/www.biblia.work\/sermones\/wp-json\/wp\/v2\/users\/1"}],"replies":[{"embeddable":true,"href":"https:\/\/www.biblia.work\/sermones\/wp-json\/wp\/v2\/comments?post=37731"}],"version-history":[{"count":0,"href":"https:\/\/www.biblia.work\/sermones\/wp-json\/wp\/v2\/posts\/37731\/revisions"}],"wp:attachment":[{"href":"https:\/\/www.biblia.work\/sermones\/wp-json\/wp\/v2\/media?parent=37731"}],"wp:term":[{"taxonomy":"category","embeddable":true,"href":"https:\/\/www.biblia.work\/sermones\/wp-json\/wp\/v2\/categories?post=37731"},{"taxonomy":"post_tag","embeddable":true,"href":"https:\/\/www.biblia.work\/sermones\/wp-json\/wp\/v2\/tags?post=37731"}],"curies":[{"name":"wp","href":"https:\/\/api.w.org\/{rel}","templated":true}]}}