{"id":37733,"date":"2016-06-21T14:57:25","date_gmt":"2016-06-21T19:57:25","guid":{"rendered":"http:\/\/www.biblia.work\/sermones\/el-papa-francisco-lamenta-el-asesinato-en-siria-del-jesuita-frans-van-der-lugt\/"},"modified":"2016-06-21T14:57:25","modified_gmt":"2016-06-21T19:57:25","slug":"el-papa-francisco-lamenta-el-asesinato-en-siria-del-jesuita-frans-van-der-lugt","status":"publish","type":"post","link":"https:\/\/www.biblia.work\/sermones\/el-papa-francisco-lamenta-el-asesinato-en-siria-del-jesuita-frans-van-der-lugt\/","title":{"rendered":"El Papa Francisco lamenta el asesinato en Siria del jesuita Frans van der Lugt"},"content":{"rendered":"<p align=\"justify\">\n<p align=\"justify\"><em>El Papa Francisco lamenta el asesinato en Siria del jesuita <\/em><em>Frans van der Lugt. Estas fiueron sus palabras tras la audiencia general del mi\u00e9rcoles 9 de abril de 2014:<\/em>\n<\/p>\n<p align=\"justify\">El lunes pasado, en Homs, Siria, fue asesinado el Rev.do P. Frans van der Lugt, un jesuita, holand\u00e9s, hermano m\u00edo, de 75 a\u00f1os, que lleg\u00f3 a Siria hace unos 50 a\u00f1os, que siempre ha hecho bien a todos, con gratuidad y amor, y por lo tanto era amado y respetado por cristianos y musulmanes.<\/p>\n<p align=\"justify\">Su brutal asesinato me llena de profundo dolor y me hace pensar, una vez m\u00e1s, que todav\u00eda mucha gente sigue sufriendo y muriendo en ese atormentado pa\u00eds &#8211; mi amada Siria &#8211; que desde hace ya demasiado tiempo sigue siendo presa de un sangriento conflicto, que sigue cosechando muerte y destrucci\u00f3n.<\/p>\n","protected":false},"excerpt":{"rendered":"<p>El Papa Francisco lamenta el asesinato en Siria del jesuita Frans van der Lugt. Estas fiueron sus palabras tras la audiencia general del mi\u00e9rcoles 9 de abril de 2014: El lunes pasado, en Homs, Siria, fue asesinado el Rev.do P. Frans van der Lugt, un jesuita, holand\u00e9s, hermano m\u00edo, de 75 a\u00f1os, que lleg\u00f3 a &hellip; <a href=\"https:\/\/www.biblia.work\/sermones\/el-papa-francisco-lamenta-el-asesinato-en-siria-del-jesuita-frans-van-der-lugt\/\" class=\"more-link\">Continuar leyendo<span class=\"screen-reader-text\"> \u00abEl Papa Francisco lamenta el asesinato en Siria del jesuita Frans van der Lugt\u00bb<\/span><\/a><\/p>\n","protected":false},"author":1,"featured_media":0,"comment_status":"open","ping_status":"closed","sticky":false,"template":"","format":"standard","meta":{"footnotes":""},"categories":[1],"tags":[],"class_list":["post-37733","post","type-post","status-publish","format-standard","hentry","category-general"],"_links":{"self":[{"href":"https:\/\/www.biblia.work\/sermones\/wp-json\/wp\/v2\/posts\/37733","targetHints":{"allow":["GET"]}}],"collection":[{"href":"https:\/\/www.biblia.work\/sermones\/wp-json\/wp\/v2\/posts"}],"about":[{"href":"https:\/\/www.biblia.work\/sermones\/wp-json\/wp\/v2\/types\/post"}],"author":[{"embeddable":true,"href":"https:\/\/www.biblia.work\/sermones\/wp-json\/wp\/v2\/users\/1"}],"replies":[{"embeddable":true,"href":"https:\/\/www.biblia.work\/sermones\/wp-json\/wp\/v2\/comments?post=37733"}],"version-history":[{"count":0,"href":"https:\/\/www.biblia.work\/sermones\/wp-json\/wp\/v2\/posts\/37733\/revisions"}],"wp:attachment":[{"href":"https:\/\/www.biblia.work\/sermones\/wp-json\/wp\/v2\/media?parent=37733"}],"wp:term":[{"taxonomy":"category","embeddable":true,"href":"https:\/\/www.biblia.work\/sermones\/wp-json\/wp\/v2\/categories?post=37733"},{"taxonomy":"post_tag","embeddable":true,"href":"https:\/\/www.biblia.work\/sermones\/wp-json\/wp\/v2\/tags?post=37733"}],"curies":[{"name":"wp","href":"https:\/\/api.w.org\/{rel}","templated":true}]}}