{"id":37734,"date":"2016-06-21T14:57:29","date_gmt":"2016-06-21T19:57:29","guid":{"rendered":"http:\/\/www.biblia.work\/sermones\/sinodo-de-los-obispos-carta-completa-del-papa-francisco-al-cardenal-lorenzo-baldisseri\/"},"modified":"2016-06-21T14:57:29","modified_gmt":"2016-06-21T19:57:29","slug":"sinodo-de-los-obispos-carta-completa-del-papa-francisco-al-cardenal-lorenzo-baldisseri","status":"publish","type":"post","link":"https:\/\/www.biblia.work\/sermones\/sinodo-de-los-obispos-carta-completa-del-papa-francisco-al-cardenal-lorenzo-baldisseri\/","title":{"rendered":"S\u00ednodo de los Obispos: carta completa del Papa Francisco al cardenal Lorenzo Baldisseri"},"content":{"rendered":"<p align=\"justify\"><b>S\u00ednodo de los Obispos: carta completa del Papa Francisco al cardenal Lorenzo Baldisseri<\/b><\/p>\n<p align=\"justify\">Carta completa del Papa Francisco al cardenal <strong>Lorenzo Baldisseri<\/strong>, secretario general del S\u00ednodo de los Obispos, con ocasi\u00f3n de la elevaci\u00f3n a la dignidad episcopal del subsecretario de dicho organismo, monse\u00f1or <strong>Fabio Fabene<\/strong><\/p>\n<p align=\"justify\">Hacer m\u00e1s patente el servicio del S\u00ednodo a la colegialidad episcopal<\/p>\n<p align=\"justify\">Eminencia reverend\u00edsima:<\/p>\n<p align=\"justify\">El 15 de septiembre de 1965, mi venerado predecesor el Siervo de Dios Pablo VI, tras escudri\u00f1ar con atenci\u00f3n los signos de los tiempos, y consciente de la necesidad de reforzar con v\u00ednculos m\u00e1s estrechos la uni\u00f3n del Obispo de Roma con los obispos a los que el Esp\u00edritu Santo ha constituido para gobernar la Iglesia de Dios, institu\u00eda, mediante el Motu proprio Apostolica sollicitudo, el S\u00ednodo de los Obispos.<\/p>\n<p align=\"justify\">En aquella \u00e9poca, cuando el Concilio Vaticano II tocaba ya a su fin, el naciente organismo sinodal constitu\u00eda un acicate para que todos los obispos cat\u00f3licos compartieran, de manera m\u00e1s evidente y eficaz, el desvelo del Obispo de Roma por la Iglesia universal.<\/p>\n<p align=\"justify\">Las Asambleas sinodales, que desde entonces se han celebrado en presencia de obispos procedentes de los distintos continentes, han podido dar a conocer sus imprescindibles aportaciones en relaci\u00f3n con los problemas y con la actividad de la Iglesia en el mundo, y han proporcionado al Sucesor de Pedro v\u00e1lida ayuda y consejo para salvaguardar e incrementar la fe, para proponer con valent\u00eda la integridad de la vida cristiana y para consolidar la disciplina eclesial.<\/p>\n<p align=\"justify\">El Beato Juan Pablo II, que tantas Asambleas sinodales presidi\u00f3, al reiterar la eficacia del S\u00ednodo y al reconocer el enorme bien que este aportaba a la Iglesia, prefiguraba con clarividencia: \u00abTal vez este instrumento a\u00fan pueda ser mejorado. Tal vez la responsabilidad pastoral colegial pueda expresarse en el S\u00ednodo de manera m\u00e1s plena todav\u00eda\u00bb (Homil\u00eda en la clausura de la VI Asamblea General del S\u00ednodo de los Obispos, 29-10-1983).<\/p>\n<p align=\"justify\">En efecto, la amplitud y la profundidad del objetivo asignado a la instituci\u00f3n sinodal se derivan de la amplitud inagotable del misterio y del horizonte de la Iglesia de Dios, que es comuni\u00f3n y misi\u00f3n. De ah\u00ed que se puedan y se deban buscar formas cada vez m\u00e1s profundas y aut\u00e9nticas del ejercicio de la colegialidad sinodal, para realizar mejor la comuni\u00f3n eclesial y para fomentar su inextinguible misi\u00f3n.<\/p>\n<p align=\"justify\">Una vez transcurridos casi cincuenta a\u00f1os de la instituci\u00f3n del S\u00ednodo de los Obispos, y habiendo escudri\u00f1ado yo tambi\u00e9n los signos de los tiempos y tomado conciencia de que, para el ejercicio de mi ministerio petrino, conviene, hoy m\u00e1s que nunca, reavivar m\u00e1s todav\u00eda mi estrecho v\u00ednculo con todos los pastores de la Iglesia, deseo valorizar tan valioso legado conciliar.<\/p>\n<p align=\"justify\">A este respecto, no hay duda de que el Obispo de Roma necesita la presencia de sus hermanos en el episcopado, su consejo y su prudencia y experiencia. Efectivamente, el Sucesor de Pedro debe anunciar a todos a aquel que es \u00abel Mes\u00edas, el Hijo de Dios vivo\u00bb, pero, al mismo tiempo, ha de prestar atenci\u00f3n a lo que el Esp\u00edritu Santo suscita en boca de cuantos, acogiendo la palabra de Jes\u00fas, que declara: \u00abT\u00fa eres Pedro&#8230;\u00bb (cf. Mt 16, 16-18), forman parte a pleno t\u00edtulo del Colegio Apost\u00f3lico.<\/p>\n<p align=\"justify\">Por eso estoy muy agradecido a todos aquellos que, mediante una labor generosa, asidua y competente, han garantizado, durante todos estos a\u00f1os, que la instituci\u00f3n sinodal contribuyera al imprescindible di\u00e1logo entre Pedro y sus hermanos. Quisiera expresar un pensamiento de especial gratitud a Vuestra Eminencia, a los miembros de los diferentes Consejos y a los superiores y a los oficiales de la Secretar\u00eda General, presentes y pasados.<\/p>\n<p align=\"justify\">Ahora, al objeto de hacer m\u00e1s patente el apreciado servicio que ese organismo desempe\u00f1a a favor de la colegialidad episcopal con el Obispo de Roma, he decidido otorgar a su subsecretario el car\u00e1cter episcopal.<\/p>\n<p align=\"justify\">De esta manera, el subsecretario, ya en su cometido de colaboraci\u00f3n con Vuestra Eminencia en lo que respecta al desarrollo de la actividad sinodal, en virtud del orden episcopal reflejar\u00e1 esa comuni\u00f3n afectiva y efectiva que constituye el objetivo principal del S\u00ednodo de los Obispos. Tambi\u00e9n en la coordinaci\u00f3n del trabajo interno de la Secretar\u00eda General, el subsecretario estar\u00e1 llamado a expresar la realidad fecunda y fruct\u00edfera que dimana de su participaci\u00f3n en el munus episcopal, fuente de santificaci\u00f3n para cuantos lo rodean y fundamento de la comuni\u00f3n jer\u00e1rquica con el Obispo de Roma, cabeza del Colegio Episcopal, y con los miembros de dicho Colegio.<\/p>\n<p align=\"justify\">Lo que comunico a Vuestra Eminencia, junto con mi bendici\u00f3n apost\u00f3lica.<\/p>\n<p align=\"justify\">Vaticano, 1 de abril de 2014<\/p>\n<p align=\"justify\">FRANCISCUS<\/p>\n<p align=\"justify\">(Original italiano procedente del archivo inform\u00e1tico de la Santa Sede; traducci\u00f3n de ecclesia)<\/p>\n","protected":false},"excerpt":{"rendered":"<p>S\u00ednodo de los Obispos: carta completa del Papa Francisco al cardenal Lorenzo Baldisseri Carta completa del Papa Francisco al cardenal Lorenzo Baldisseri, secretario general del S\u00ednodo de los Obispos, con ocasi\u00f3n de la elevaci\u00f3n a la dignidad episcopal del subsecretario de dicho organismo, monse\u00f1or Fabio Fabene Hacer m\u00e1s patente el servicio del S\u00ednodo a la &hellip; <a href=\"https:\/\/www.biblia.work\/sermones\/sinodo-de-los-obispos-carta-completa-del-papa-francisco-al-cardenal-lorenzo-baldisseri\/\" class=\"more-link\">Continuar leyendo<span class=\"screen-reader-text\"> \u00abS\u00ednodo de los Obispos: carta completa del Papa Francisco al cardenal Lorenzo Baldisseri\u00bb<\/span><\/a><\/p>\n","protected":false},"author":1,"featured_media":0,"comment_status":"open","ping_status":"closed","sticky":false,"template":"","format":"standard","meta":{"footnotes":""},"categories":[1],"tags":[],"class_list":["post-37734","post","type-post","status-publish","format-standard","hentry","category-general"],"_links":{"self":[{"href":"https:\/\/www.biblia.work\/sermones\/wp-json\/wp\/v2\/posts\/37734","targetHints":{"allow":["GET"]}}],"collection":[{"href":"https:\/\/www.biblia.work\/sermones\/wp-json\/wp\/v2\/posts"}],"about":[{"href":"https:\/\/www.biblia.work\/sermones\/wp-json\/wp\/v2\/types\/post"}],"author":[{"embeddable":true,"href":"https:\/\/www.biblia.work\/sermones\/wp-json\/wp\/v2\/users\/1"}],"replies":[{"embeddable":true,"href":"https:\/\/www.biblia.work\/sermones\/wp-json\/wp\/v2\/comments?post=37734"}],"version-history":[{"count":0,"href":"https:\/\/www.biblia.work\/sermones\/wp-json\/wp\/v2\/posts\/37734\/revisions"}],"wp:attachment":[{"href":"https:\/\/www.biblia.work\/sermones\/wp-json\/wp\/v2\/media?parent=37734"}],"wp:term":[{"taxonomy":"category","embeddable":true,"href":"https:\/\/www.biblia.work\/sermones\/wp-json\/wp\/v2\/categories?post=37734"},{"taxonomy":"post_tag","embeddable":true,"href":"https:\/\/www.biblia.work\/sermones\/wp-json\/wp\/v2\/tags?post=37734"}],"curies":[{"name":"wp","href":"https:\/\/api.w.org\/{rel}","templated":true}]}}